{"id":21537,"date":"2025-10-06T09:41:06","date_gmt":"2025-10-06T13:41:06","guid":{"rendered":"https:\/\/agromt.news\/?p=21537"},"modified":"2025-10-06T09:41:06","modified_gmt":"2025-10-06T13:41:06","slug":"soja-bate-recorde-de-volume-exportado-no-mes-de-setembro","status":"publish","type":"post","link":"https:\/\/agromt.news\/?p=21537","title":{"rendered":"Soja bate recorde de volume exportado no m\u00eas de setembro"},"content":{"rendered":"<p> <br \/>\n<br \/><img decoding=\"async\" src=\"https:\/\/agromt.news\/wp-content\/uploads\/2025\/09\/volume-de-soja-inspecionado-para-exportacao-sobe-5-na-semana.jpg\" \/><\/p>\n<div>\n<p>As exporta\u00e7\u00f5es brasileiras de soja atingiram em setembro volume recorde para o m\u00eas, sendo impulsionadas pela firme demanda externa. Isso \u00e9 o que indicam os levantamentos do <a href=\"https:\/\/www.canalrural.com.br\/tag\/cepea\/\">Centro de Estudos Avan\u00e7ados em Economia Aplicada (Cepea).<\/a><\/p>\n<p>Em setembro\/25, o pa\u00eds embarcou 6,5 milh\u00f5es de toneladas do gr\u00e3o, recorde hist\u00f3rico para o m\u00eas e 6,6% acima do escoado em setembro\/24, segundo dados parciais da Secex. Frente a agosto, no entanto, houve retra\u00e7\u00e3o de 30,3%, movimento t\u00edpico do segundo semestre, quando os estoques nacionais s\u00e3o menores.\u00a0<\/p>\n<p>Al\u00e9m disso, segundo pesquisadores do Cepea, a maior disponibilidade de soja na Argentina limitou parte dos embarques brasileiros em setembro. Ainda assim, de janeiro a setembro, o Brasil exportou 93 milh\u00f5es de toneladas, recorde para o per\u00edodo.<\/p>\n<p>Mesmo com a firme demanda pelo gr\u00e3o brasileiro, o clima segue no radar dos produtores. O avan\u00e7o da semeadura da safra 2025\/26 no Paran\u00e1 vem contrastando com o ritmo ainda lento das atividades no Centro-Oeste e Sudeste, devido \u00e0 falta de chuvas.<\/p>\n<p><em>*Sob supervis\u00e3o de Luis Roberto Toledo<\/em><\/p>\n<\/p><\/div>\n<p><br \/>\n<br \/><a href=\"https:\/\/www.canalrural.com.br\/agricultura\/soja-bate-recorde-de-volume-exportado-no-mes-de-setembro\/\">Source link <\/a><\/p>\n","protected":false},"excerpt":{"rendered":"<p>As exporta\u00e7\u00f5es brasileiras de soja atingiram em setembro volume recorde para o m\u00eas, sendo impulsionadas pela firme demanda externa. Isso<\/p>\n","protected":false},"author":1,"featured_media":21149,"comment_status":"open","ping_status":"open","sticky":false,"template":"","format":"standard","meta":{"_monsterinsights_skip_tracking":false,"_monsterinsights_sitenote_active":false,"_monsterinsights_sitenote_note":"","_monsterinsights_sitenote_category":0,"_uf_show_specific_survey":0,"_uf_disable_surveys":false,"footnotes":""},"categories":[1],"tags":[],"class_list":["post-21537","post","type-post","status-publish","format-standard","has-post-thumbnail","hentry","category-news"],"_links":{"self":[{"href":"https:\/\/agromt.news\/index.php?rest_route=\/wp\/v2\/posts\/21537"}],"collection":[{"href":"https:\/\/agromt.news\/index.php?rest_route=\/wp\/v2\/posts"}],"about":[{"href":"https:\/\/agromt.news\/index.php?rest_route=\/wp\/v2\/types\/post"}],"author":[{"embeddable":true,"href":"https:\/\/agromt.news\/index.php?rest_route=\/wp\/v2\/users\/1"}],"replies":[{"embeddable":true,"href":"https:\/\/agromt.news\/index.php?rest_route=%2Fwp%2Fv2%2Fcomments&post=21537"}],"version-history":[{"count":0,"href":"https:\/\/agromt.news\/index.php?rest_route=\/wp\/v2\/posts\/21537\/revisions"}],"wp:featuredmedia":[{"embeddable":true,"href":"https:\/\/agromt.news\/index.php?rest_route=\/wp\/v2\/media\/21149"}],"wp:attachment":[{"href":"https:\/\/agromt.news\/index.php?rest_route=%2Fwp%2Fv2%2Fmedia&parent=21537"}],"wp:term":[{"taxonomy":"category","embeddable":true,"href":"https:\/\/agromt.news\/index.php?rest_route=%2Fwp%2Fv2%2Fcategories&post=21537"},{"taxonomy":"post_tag","embeddable":true,"href":"https:\/\/agromt.news\/index.php?rest_route=%2Fwp%2Fv2%2Ftags&post=21537"}],"curies":[{"name":"wp","href":"https:\/\/api.w.org\/{rel}","templated":true}]}}