{"id":21536,"date":"2025-10-06T09:13:11","date_gmt":"2025-10-06T13:13:11","guid":{"rendered":"https:\/\/agromt.news\/?p=21536"},"modified":"2025-10-06T09:13:11","modified_gmt":"2025-10-06T13:13:11","slug":"apos-dois-meses-de-tarifaco-alckmin-ve-avanco-nas-negociacoes-com-os-eua","status":"publish","type":"post","link":"https:\/\/agromt.news\/?p=21536","title":{"rendered":"Ap\u00f3s dois meses de tarifa\u00e7o, Alckmin v\u00ea avan\u00e7o nas negocia\u00e7\u00f5es com os EUA"},"content":{"rendered":"<p> <br \/>\n<br \/><img decoding=\"async\" src=\"https:\/\/agromt.news\/wp-content\/uploads\/2025\/08\/Plano-de-contingencia-ao-tarifaco-deve-sair-ate-terca-diz.jpg\" \/><\/p>\n<div>\n<p>O vice-presidente da Rep\u00fablica, Geraldo Alckmin, que \u00e9 tamb\u00e9m ministro do Desenvolvimento, Ind\u00fastria, Com\u00e9rcio e Servi\u00e7os, afirmou no s\u00e1bado (4), em Bras\u00edlia, que houve novos avan\u00e7os na redu\u00e7\u00e3o de tarifas do governo dos Estados Unidos (EUA) sobre produtos brasileiros. Isso ocorreu, observou, ap\u00f3s o r\u00e1pido encontro do presidente Luiz In\u00e1cio Lula da Silva com o presidente norte-americano, Donald Trump, durante a Assembleia-Geral das Na\u00e7\u00f5es Unidas, no fim de setembro.<\/p>\n<p>\u201cDepois da conversa do presidente Lula com o presidente Trump, esta semana, segunda-feira (29), alguns produtos, como madeira macia e serrada, [que] estavam em 50%, passaram para 10%. Arm\u00e1rio, m\u00f3veis, sof\u00e1, tem ali o detalhamento dos produtos, estava em 50%, passaram para 25%. E o que \u00e9 a Se\u00e7\u00e3o 232 [da Lei de Com\u00e9rcio dos EUA]? N\u00f3s e o mundo estamos iguais. Ent\u00e3o, quando voc\u00ea fala arm\u00e1rio, m\u00f3vel, \u00e9 25% para o Brasil e para o mundo todo, voc\u00ea n\u00e3o perde competitividade\u201d, afirmou Alckmin durante visita a uma concession\u00e1ria de autom\u00f3veis na capital federal. Segundo ele, a retirada desses produtos do tarifa\u00e7o de 50% significa exclus\u00e3o de US$ 370 milh\u00f5es em produtos brasileiros exportados.<\/p>\n<p>A Se\u00e7\u00e3o 232 da Lei de Expans\u00e3o Comercial norte-americana, mencionada por Alckmin, \u00e9 usada pelo pa\u00eds para taxar todos os pa\u00edses de forma simult\u00e2nea.<\/p>\n<p>\u201cEu acho que o encontro do presidente Lula com o presidente Trump em Nova York foi importante, foi um primeiro passo e temos muita convic\u00e7\u00e3o de que teremos pr\u00f3ximos passos a\u00ed. N\u00e3o h\u00e1 raz\u00e3o para manter essa tarifa, j\u00e1 que os Estados Unidos s\u00e3o superavit\u00e1rios na rela\u00e7\u00e3o comercial conosco. Eles vendem mais pra gente do que n\u00f3s para eles\u201d, acrescentou Alckmin.<\/p>\n<p>O vice-presidente tem sido o principal interlocutor brasileiro junto ao governo dos EUA e vem mantendo di\u00e1logo direto com o secret\u00e1rio de Com\u00e9rcio do pa\u00eds norte-americano, Howard Lutcnick, com quem conversou esta semana.<\/p>\n<p><a href=\"https:\/\/www.canalrural.com.br\/internacional\/trump-disse-que-combinou-de-conversar-com-lula-na-proxima-semana\/\">Lula e Trump ainda devem ter um encontro virtual ou presencial<\/a>, em data a ser anunciada. Foi o que ambos combinaram ap\u00f3s o encontro em Nova York, h\u00e1 duas semanas.<\/p>\n<\/p><\/div>\n<p><br \/>\n<br \/><a href=\"https:\/\/www.canalrural.com.br\/nacional\/apos-dois-meses-de-tarifaco-alckmin-ve-avanco-nas-negociacoes-com-os-eua\/\">Source link <\/a><\/p>\n","protected":false},"excerpt":{"rendered":"<p>O vice-presidente da Rep\u00fablica, Geraldo Alckmin, que \u00e9 tamb\u00e9m ministro do Desenvolvimento, Ind\u00fastria, Com\u00e9rcio e Servi\u00e7os, afirmou no s\u00e1bado (4),<\/p>\n","protected":false},"author":1,"featured_media":18234,"comment_status":"open","ping_status":"open","sticky":false,"template":"","format":"standard","meta":{"_monsterinsights_skip_tracking":false,"_monsterinsights_sitenote_active":false,"_monsterinsights_sitenote_note":"","_monsterinsights_sitenote_category":0,"_uf_show_specific_survey":0,"_uf_disable_surveys":false,"footnotes":""},"categories":[1],"tags":[],"class_list":["post-21536","post","type-post","status-publish","format-standard","has-post-thumbnail","hentry","category-news"],"_links":{"self":[{"href":"https:\/\/agromt.news\/index.php?rest_route=\/wp\/v2\/posts\/21536"}],"collection":[{"href":"https:\/\/agromt.news\/index.php?rest_route=\/wp\/v2\/posts"}],"about":[{"href":"https:\/\/agromt.news\/index.php?rest_route=\/wp\/v2\/types\/post"}],"author":[{"embeddable":true,"href":"https:\/\/agromt.news\/index.php?rest_route=\/wp\/v2\/users\/1"}],"replies":[{"embeddable":true,"href":"https:\/\/agromt.news\/index.php?rest_route=%2Fwp%2Fv2%2Fcomments&post=21536"}],"version-history":[{"count":0,"href":"https:\/\/agromt.news\/index.php?rest_route=\/wp\/v2\/posts\/21536\/revisions"}],"wp:featuredmedia":[{"embeddable":true,"href":"https:\/\/agromt.news\/index.php?rest_route=\/wp\/v2\/media\/18234"}],"wp:attachment":[{"href":"https:\/\/agromt.news\/index.php?rest_route=%2Fwp%2Fv2%2Fmedia&parent=21536"}],"wp:term":[{"taxonomy":"category","embeddable":true,"href":"https:\/\/agromt.news\/index.php?rest_route=%2Fwp%2Fv2%2Fcategories&post=21536"},{"taxonomy":"post_tag","embeddable":true,"href":"https:\/\/agromt.news\/index.php?rest_route=%2Fwp%2Fv2%2Ftags&post=21536"}],"curies":[{"name":"wp","href":"https:\/\/api.w.org\/{rel}","templated":true}]}}