{"id":21531,"date":"2025-10-06T07:55:11","date_gmt":"2025-10-06T11:55:11","guid":{"rendered":"https:\/\/agromt.news\/?p=21531"},"modified":"2025-10-06T07:55:11","modified_gmt":"2025-10-06T11:55:11","slug":"frente-fria-avanca-e-provoca-chuva-forte-nos-estados-veja-a-previsao-do-tempo","status":"publish","type":"post","link":"https:\/\/agromt.news\/?p=21531","title":{"rendered":"Frente fria avan\u00e7a e provoca chuva forte nos estados; veja a previs\u00e3o do tempo"},"content":{"rendered":"<p> <br \/>\n<br \/><img decoding=\"async\" src=\"https:\/\/agromt.news\/wp-content\/uploads\/2025\/09\/chuva_mudanca_tempo_01.webp.webp\" \/><\/p>\n<div>\n<p>O avan\u00e7o de uma frente fria nesta segunda-feira (6) deve espalhar \u00e1reas de instabilidade pelo Sul do Brasil e provocar temporais em diversas regi\u00f5es. Segundo a Climatempo, h\u00e1 risco de chuva forte, rajadas de vento e granizo especialmente no Rio Grande do Sul. J\u00e1 no Sudeste, o calor intenso continua, com temperaturas pr\u00f3ximas dos 40 \u00b0C e umidade do ar abaixo de 20% em v\u00e1rias cidades.<\/p>\n<h2 class=\"wp-block-heading\" id=\"h-temporais-no-sul\">Temporais no Sul<\/h2>\n<p>Durante a madrugada, as instabilidades come\u00e7aram a se intensificar sobre o Rio Grande do Sul, principalmente na metade sul do estado, com pancadas de chuva de moderada a forte intensidade, acompanhadas de raios e ventos que podem chegar a 60 km\/h. H\u00e1 alerta para temporais mais generalizados nas primeiras horas da manh\u00e3 nas regi\u00f5es oeste, campanha, sul e costa doce.<\/p>\n<p>Ao longo do dia, a frente fria avan\u00e7a e leva a chuva para outras \u00e1reas do estado, al\u00e9m de Santa Catarina. No Paran\u00e1, as instabilidades atingem o sul, sudoeste e oeste, mas de forma mais irregular. No norte e noroeste paranaense, o tempo segue firme e quente.<\/p>\n<h2 class=\"wp-block-heading\" id=\"h-calor-extremo-no-sudeste\">Calor extremo no Sudeste<\/h2>\n<p>No Sudeste, o tempo segue firme, com predom\u00ednio de sol, calor e ar seco. A circula\u00e7\u00e3o de ventos quentes vindos do interior do continente deve intensificar as temperaturas. Em cidades do interior de S\u00e3o Paulo e de Minas Gerais, as m\u00e1ximas podem chegar a 40 \u00b0C, enquanto a umidade relativa do ar cai para abaixo de 20%, o que exige aten\u00e7\u00e3o com riscos de inc\u00eandios e problemas respirat\u00f3rios.<\/p>\n<p>No Esp\u00edrito Santo, a umidade vinda do oceano pode provocar pancadas isoladas e fracas de chuva no litoral, especialmente no norte do estado.<\/p>\n<h2 class=\"wp-block-heading\" id=\"h-pancadas-isoladas-no-centro-oeste\">Pancadas isoladas no Centro-Oeste<\/h2>\n<p>A frente fria tamb\u00e9m influencia o Centro-Oeste, com previs\u00e3o de chuva no Mato Grosso do Sul, principalmente entre o oeste e o sul do estado, onde h\u00e1 chance de temporais com raios. Em Mato Grosso, parte sul e oeste tamb\u00e9m podem registrar pancadas, embora as temperaturas continuem elevadas \u2014 Cuiab\u00e1 deve atingir os 40 \u00b0C. Em Goi\u00e1s e no Distrito Federal, o tempo segue aberto e seco.<\/p>\n<h2 class=\"wp-block-heading\" id=\"h-chuva-no-litoral-do-nordeste-e-instabilidade-no-norte\">Chuva no litoral do Nordeste e instabilidade no Norte<\/h2>\n<p>No Nordeste, a circula\u00e7\u00e3o de ventos mar\u00edtimos mant\u00e9m a chuva sobre a faixa leste, com destaque para o litoral da Bahia, onde a precipita\u00e7\u00e3o pode ser mais intensa em alguns momentos. No interior, o tempo segue firme e muito quente.<\/p>\n<p>J\u00e1 no Norte, o cen\u00e1rio \u00e9 de instabilidade entre Amazonas, Roraima, Rond\u00f4nia e partes do Par\u00e1, com possibilidade de pancadas fortes e temporais isolados ao longo do dia.<\/p>\n<div data-icp-cta=\"1\" id=\"icp-cta-unique\">Voc\u00ea quer entender como usar o clima a seu favor?<b> <\/b><a href=\"https:\/\/climacampo.canalrural.com.br\/climacampo_-01\">Preparamos um e-book exclusivo<\/a> para ajudar produtores rurais a se antecipar \u00e0s mudan\u00e7as do tempo e planejar melhor suas a\u00e7\u00f5es. Com base em previs\u00f5es meteorol\u00f3gicas confi\u00e1veis, ele oferece orienta\u00e7\u00f5es pr\u00e1ticas para proteger sua lavoura e otimizar seus resultados.<\/div>\n<\/div>\n<p><br \/>\n<br \/><a href=\"https:\/\/www.canalrural.com.br\/tempo\/frente-fria-avanca-e-provoca-chuva-forte-nos-estados-veja-a-previsao-do-tempo\/\">Source link <\/a><\/p>\n","protected":false},"excerpt":{"rendered":"<p>O avan\u00e7o de uma frente fria nesta segunda-feira (6) deve espalhar \u00e1reas de instabilidade pelo Sul do Brasil e provocar<\/p>\n","protected":false},"author":1,"featured_media":20630,"comment_status":"open","ping_status":"open","sticky":false,"template":"","format":"standard","meta":{"_monsterinsights_skip_tracking":false,"_monsterinsights_sitenote_active":false,"_monsterinsights_sitenote_note":"","_monsterinsights_sitenote_category":0,"_uf_show_specific_survey":0,"_uf_disable_surveys":false,"footnotes":""},"categories":[1],"tags":[],"class_list":["post-21531","post","type-post","status-publish","format-standard","has-post-thumbnail","hentry","category-news"],"_links":{"self":[{"href":"https:\/\/agromt.news\/index.php?rest_route=\/wp\/v2\/posts\/21531"}],"collection":[{"href":"https:\/\/agromt.news\/index.php?rest_route=\/wp\/v2\/posts"}],"about":[{"href":"https:\/\/agromt.news\/index.php?rest_route=\/wp\/v2\/types\/post"}],"author":[{"embeddable":true,"href":"https:\/\/agromt.news\/index.php?rest_route=\/wp\/v2\/users\/1"}],"replies":[{"embeddable":true,"href":"https:\/\/agromt.news\/index.php?rest_route=%2Fwp%2Fv2%2Fcomments&post=21531"}],"version-history":[{"count":0,"href":"https:\/\/agromt.news\/index.php?rest_route=\/wp\/v2\/posts\/21531\/revisions"}],"wp:featuredmedia":[{"embeddable":true,"href":"https:\/\/agromt.news\/index.php?rest_route=\/wp\/v2\/media\/20630"}],"wp:attachment":[{"href":"https:\/\/agromt.news\/index.php?rest_route=%2Fwp%2Fv2%2Fmedia&parent=21531"}],"wp:term":[{"taxonomy":"category","embeddable":true,"href":"https:\/\/agromt.news\/index.php?rest_route=%2Fwp%2Fv2%2Fcategories&post=21531"},{"taxonomy":"post_tag","embeddable":true,"href":"https:\/\/agromt.news\/index.php?rest_route=%2Fwp%2Fv2%2Ftags&post=21531"}],"curies":[{"name":"wp","href":"https:\/\/api.w.org\/{rel}","templated":true}]}}