{"id":21527,"date":"2025-10-06T06:21:15","date_gmt":"2025-10-06T10:21:15","guid":{"rendered":"https:\/\/agromt.news\/?p=21527"},"modified":"2025-10-06T06:21:15","modified_gmt":"2025-10-06T10:21:15","slug":"cor-das-plantas-indica-saude-e-produtividade-das-lavouras","status":"publish","type":"post","link":"https:\/\/agromt.news\/?p=21527","title":{"rendered":"Cor das plantas indica sa\u00fade e produtividade das lavouras"},"content":{"rendered":"<p> <br \/>\n<\/p>\n<div>\n<p>A colora\u00e7\u00e3o das plantas vai muito al\u00e9m do aspecto visual, funcionando como um indicativo direto da sa\u00fade e do desenvolvimento das culturas, refletindo nutri\u00e7\u00e3o, equil\u00edbrio de minerais e efici\u00eancia da fotoss\u00edntese. Segundo Luis Schiavo, CEO da Naval Fertilizantes, fertilizantes bem formulados e aplicados corretamente podem intensificar o verde das folhas, o vermelho dos frutos e at\u00e9 tons espec\u00edficos em flores, sem alterar a gen\u00e9tica das plantas.&#13;\n<\/p>\n<p>\u201cQuando falamos em nutri\u00e7\u00e3o vegetal, n\u00e3o pensamos apenas no crescimento ou na produtividade, mas tamb\u00e9m na colora\u00e7\u00e3o das folhas, flores e frutos. Fertilizantes bem formulados e aplicados corretamente podem intensificar o verde das folhas, o vermelho de frutos e at\u00e9 mesmo tons espec\u00edficos em flores, sem alterar a gen\u00e9tica da planta\u201d, explica.<\/p>\n<p>O efeito ocorre porque nutrientes essenciais influenciam a s\u00edntese de pigmentos vegetais: o nitrog\u00eanio est\u00e1 ligado \u00e0 produ\u00e7\u00e3o de clorofila, respons\u00e1vel pelo verde intenso das folhas, enquanto f\u00f3sforo e pot\u00e1ssio podem real\u00e7ar cores de flores e frutos. Schiavo ressalta que a escolha do fertilizante certo, aliada a acompanhamento t\u00e9cnico, impacta diretamente na apar\u00eancia, produtividade e resist\u00eancia das culturas a pragas.&#13;\n<\/p>\n<p>A nutri\u00e7\u00e3o foliar, aplicada diretamente nas folhas, permite corrigir defici\u00eancias rapidamente e ajustar a colora\u00e7\u00e3o em momentos estrat\u00e9gicos do ciclo de cultivo. Al\u00e9m disso, tecnologias de aplica\u00e7\u00e3o de precis\u00e3o e produtos biol\u00f3gicos complementares potencializam os efeitos da nutri\u00e7\u00e3o, intensificando cores naturais sem causar danos \u00e0s plantas.<\/p>\n<p>\u201cFertilizantes bem escolhidos e aplicados com tecnologia apropriada n\u00e3o apenas promovem crescimento e produtividade, mas tamb\u00e9m influenciam positivamente a est\u00e9tica das plantas, oferecendo aos produtores mais controle sobre a qualidade de suas lavouras\u201d, finaliza o CEO da Naval Fertilizantes.&#13;\n<\/p>\n<\/p><\/div>\n<p><script data-cfasync=\"false\">\n    !function (f, b, e, v, n, t, s) {\n        if (f.fbq) return; n = f.fbq = function () {\n            n.callMethod ?\n                n.callMethod.apply(n, arguments) : n.queue.push(arguments)\n        };\n        if (!f._fbq) f._fbq = n; n.push = n; n.loaded = !0; n.version = '2.0';\n        n.queue = []; t = b.createElement(e); t.async = !0;\n        t.src = v; s = b.getElementsByTagName(e)[0];\n        s.parentNode.insertBefore(t, s)\n    }(window, document, 'script',\n        'https:\/\/connect.facebook.net\/en_US\/fbevents.js');\n    fbq('init', '522546078623747');\n    fbq('track', 'PageView');\n<\/script><br \/>\n<br \/><br \/>\n<br \/><a href=\"https:\/\/www.agrolink.com.br\/noticias\/cor-das-plantas-indica-saude-e-produtividade-das-lavouras_506630.html\">Source link <\/a><\/p>\n","protected":false},"excerpt":{"rendered":"<p>A colora\u00e7\u00e3o das plantas vai muito al\u00e9m do aspecto visual, funcionando como um indicativo direto da sa\u00fade e do desenvolvimento<\/p>\n","protected":false},"author":1,"featured_media":21528,"comment_status":"open","ping_status":"open","sticky":false,"template":"","format":"standard","meta":{"_monsterinsights_skip_tracking":false,"_monsterinsights_sitenote_active":false,"_monsterinsights_sitenote_note":"","_monsterinsights_sitenote_category":0,"_uf_show_specific_survey":0,"_uf_disable_surveys":false,"footnotes":""},"categories":[8,1,14],"tags":[],"class_list":["post-21527","post","type-post","status-publish","format-standard","has-post-thumbnail","hentry","category-agro","category-news","category-politica-agro"],"_links":{"self":[{"href":"https:\/\/agromt.news\/index.php?rest_route=\/wp\/v2\/posts\/21527"}],"collection":[{"href":"https:\/\/agromt.news\/index.php?rest_route=\/wp\/v2\/posts"}],"about":[{"href":"https:\/\/agromt.news\/index.php?rest_route=\/wp\/v2\/types\/post"}],"author":[{"embeddable":true,"href":"https:\/\/agromt.news\/index.php?rest_route=\/wp\/v2\/users\/1"}],"replies":[{"embeddable":true,"href":"https:\/\/agromt.news\/index.php?rest_route=%2Fwp%2Fv2%2Fcomments&post=21527"}],"version-history":[{"count":0,"href":"https:\/\/agromt.news\/index.php?rest_route=\/wp\/v2\/posts\/21527\/revisions"}],"wp:featuredmedia":[{"embeddable":true,"href":"https:\/\/agromt.news\/index.php?rest_route=\/wp\/v2\/media\/21528"}],"wp:attachment":[{"href":"https:\/\/agromt.news\/index.php?rest_route=%2Fwp%2Fv2%2Fmedia&parent=21527"}],"wp:term":[{"taxonomy":"category","embeddable":true,"href":"https:\/\/agromt.news\/index.php?rest_route=%2Fwp%2Fv2%2Fcategories&post=21527"},{"taxonomy":"post_tag","embeddable":true,"href":"https:\/\/agromt.news\/index.php?rest_route=%2Fwp%2Fv2%2Ftags&post=21527"}],"curies":[{"name":"wp","href":"https:\/\/api.w.org\/{rel}","templated":true}]}}