{"id":21526,"date":"2025-10-06T04:19:29","date_gmt":"2025-10-06T08:19:29","guid":{"rendered":"https:\/\/agromt.news\/?p=21526"},"modified":"2025-10-06T04:19:29","modified_gmt":"2025-10-06T08:19:29","slug":"o-clima-vai-ser-o-protagonista-da-safra","status":"publish","type":"post","link":"https:\/\/agromt.news\/?p=21526","title":{"rendered":"O clima vai ser o protagonista da safra?"},"content":{"rendered":"<p> <br \/>\n<\/p>\n<div>\n<div class=\"row\">\n<div class=\"col-lg col-infos mt-0 mt-lg-0\">\n<div class=\"section-sub-title\">\n<p itemprop=\"description\">&#13;<br \/>\n                                \u201cAs proje\u00e7\u00f5es indicam alta probabilidade de uma La Ni\u00f1a fraca&#8221;&#13;\n                            <\/p>\n<\/p><\/div>\n<div class=\"container\">\n<div class=\"row\">\n<div class=\"col-lg p-0\">\n<div>\n<div class=\"block-news-main-infos mt-3 text-start\">\n<p>                                            <strong class=\"fn\" itemprop=\"author\" style=\"color: rgb(112, 112, 112); \">&#13;<br \/>\n                                                <a href=\"https:\/\/www.agrolink.com.br\/noticias\/javascript:;\" class=\"text-uppercase\" target=\"_blank\" style=\"color: rgb(112, 112, 112); \" rel=\"noopener\">Agrolink<\/a>&#13;<br \/>\n&#13;<br \/>\n                                                    &#8211; Leonardo Gottems&#13;<br \/>\n&#13;<br \/>\n                                            <\/strong><br \/>\n                                        <\/p>\n<p>                                            <abbr><time datetime=\"2025 - 10 - 06T02:45\" itemprop=\"datePublished dateModified\"> Publicado em 06\/10\/2025 \u00e0s 02:45h.<\/time><\/abbr>\n                                    <\/div>\n<\/p><\/div>\n<\/p><\/div>\n<div class=\"col-lg p-0 text-lg-end\">\n<div>\n<div id=\"mdEnviarPagina\" class=\"modal fade\" role=\"dialog\">\n<div class=\"modal-dialog\">\n<div class=\"modal-content\">\n<div class=\"modal-body\">\n<p><strong>Estimado usu\u00e1rio.<\/strong><br \/>Preencha o formul\u00e1rio abaixo para remeter a p\u00e1gina.<\/p>\n<\/p><\/div>\n<\/p><\/div>\n<\/p><\/div>\n<\/div><\/div>\n<\/p><\/div>\n<\/p><\/div>\n<\/p><\/div>\n<\/p><\/div>\n<\/p><\/div>\n<div class=\"row justify-content-md-center mt-3\">\n<div class=\"col-lg-auto col-image block-news-main-image\">\n<p>                                <img decoding=\"async\" src=\"https:\/\/www.agrolink.com.br\/upload\/imagens-resizes\/686f6d29b1bb439a98b25859bb4bc70c_858x483.jpg\" class=\"lazyload img-fluid\" alt=\"\u201cAs proje\u00e7\u00f5es indicam alta probabilidade de uma La Ni\u00f1a fraca&quot;\"\/><br \/>\n                                                <span class=\"d-block mt-1\">\u201cAs proje\u00e7\u00f5es indicam alta probabilidade de uma La Ni\u00f1a fraca&#8221; &#8211; Foto: NOAA<\/span><\/p><\/div>\n<\/p><\/div>\n<div class=\"section-description section-description-noticias mt-3\">\n<p>O clima surge como protagonista para a safra de ver\u00e3o 2025\/2026, com o avan\u00e7o da semeadura tornando as condi\u00e7\u00f5es meteorol\u00f3gicas decisivas para a produtividade e a margem do produtor. Em um cen\u00e1rio de pre\u00e7os e taxa de c\u00e2mbio pressionados, a efici\u00eancia no manejo das lavouras e a aten\u00e7\u00e3o ao regime de chuvas podem fazer diferen\u00e7a na colheita.&#13;\n<\/p>\n<p>A C\u00e9leres destacou em seu informativo de outubro os poss\u00edveis impactos da La Ni\u00f1a sobre o clima e a produtividade da soja, segundo an\u00e1lise de Erickson Oliveira, analista de agroneg\u00f3cio da empresa. De acordo com as proje\u00e7\u00f5es, h\u00e1 alta probabilidade de uma La Ni\u00f1a fraca, cen\u00e1rio que tende a manter a produtividade pr\u00f3xima \u00e0 m\u00e9dia nacional, especialmente beneficiando produtores do Sul, historicamente mais vulner\u00e1veis \u00e0 seca.<\/p>\n<p>O Australian Bureau of Meteorology define os fen\u00f4menos El Ni\u00f1o e La Ni\u00f1a pelos desvios de \u00b10,8\u00b0C na temperatura do Pac\u00edfico, sendo que proje\u00e7\u00f5es de outubro indicam que a safra deve se manter pr\u00f3xima da neutralidade clim\u00e1tica. A NOAA, por sua vez, refor\u00e7a a probabilidade de uma La Ni\u00f1a de baixa intensidade, o que sugere precipita\u00e7\u00f5es pr\u00f3ximas \u00e0 m\u00e9dia hist\u00f3rica dos estados brasileiros e produtividade estimada em 60,7 sacas de soja por hectare.&#13;\n<\/p>\n<p>Em um contexto de elevados estoques globais, manter boas produtividades se torna estrat\u00e9gico para reduzir riscos de inadimpl\u00eancia, tema relevante diante dos altos custos de capital e margens apertadas no setor. O clima, aliado a um manejo eficiente, ser\u00e1 determinante para garantir colheitas seguras e rent\u00e1veis na temporada 2025\/2026.<\/p>\n<p>\u201cAs proje\u00e7\u00f5es indicam alta probabilidade de uma La Ni\u00f1a fraca, cen\u00e1rio que tende a manter a produtividade pr\u00f3xima \u00e0 m\u00e9dia nacional. Um al\u00edvio importante para os produtores do Sul do Brasil, historicamente mais vulner\u00e1veis \u00e0s perdas por seca\u201d, escreveu.<br \/>&#13;<br \/>\n\u00a0&#13;\n<\/p>\n<\/p><\/div>\n<\/p><\/div>\n<p><script data-cfasync=\"false\">\n    !function (f, b, e, v, n, t, s) {\n        if (f.fbq) return; n = f.fbq = function () {\n            n.callMethod ?\n                n.callMethod.apply(n, arguments) : n.queue.push(arguments)\n        };\n        if (!f._fbq) f._fbq = n; n.push = n; n.loaded = !0; n.version = '2.0';\n        n.queue = []; t = b.createElement(e); t.async = !0;\n        t.src = v; s = b.getElementsByTagName(e)[0];\n        s.parentNode.insertBefore(t, s)\n    }(window, document, 'script',\n        'https:\/\/connect.facebook.net\/en_US\/fbevents.js');\n    fbq('init', '522546078623747');\n    fbq('track', 'PageView');\n<\/script><br \/>\n<br \/><br \/>\n<br \/><a href=\"https:\/\/www.agrolink.com.br\/noticias\/o-clima-vai-ser-o-protagonista-da-safra-_506633.html\">Source link <\/a><\/p>\n","protected":false},"excerpt":{"rendered":"<p>&#13; \u201cAs proje\u00e7\u00f5es indicam alta probabilidade de uma La Ni\u00f1a fraca&#8221;&#13; &#13; Agrolink&#13; &#13; &#8211; Leonardo Gottems&#13; &#13; Publicado em<\/p>\n","protected":false},"author":1,"featured_media":10808,"comment_status":"open","ping_status":"open","sticky":false,"template":"","format":"standard","meta":{"_monsterinsights_skip_tracking":false,"_monsterinsights_sitenote_active":false,"_monsterinsights_sitenote_note":"","_monsterinsights_sitenote_category":0,"_uf_show_specific_survey":0,"_uf_disable_surveys":false,"footnotes":""},"categories":[8,1,14],"tags":[],"class_list":["post-21526","post","type-post","status-publish","format-standard","has-post-thumbnail","hentry","category-agro","category-news","category-politica-agro"],"_links":{"self":[{"href":"https:\/\/agromt.news\/index.php?rest_route=\/wp\/v2\/posts\/21526"}],"collection":[{"href":"https:\/\/agromt.news\/index.php?rest_route=\/wp\/v2\/posts"}],"about":[{"href":"https:\/\/agromt.news\/index.php?rest_route=\/wp\/v2\/types\/post"}],"author":[{"embeddable":true,"href":"https:\/\/agromt.news\/index.php?rest_route=\/wp\/v2\/users\/1"}],"replies":[{"embeddable":true,"href":"https:\/\/agromt.news\/index.php?rest_route=%2Fwp%2Fv2%2Fcomments&post=21526"}],"version-history":[{"count":0,"href":"https:\/\/agromt.news\/index.php?rest_route=\/wp\/v2\/posts\/21526\/revisions"}],"wp:featuredmedia":[{"embeddable":true,"href":"https:\/\/agromt.news\/index.php?rest_route=\/wp\/v2\/media\/10808"}],"wp:attachment":[{"href":"https:\/\/agromt.news\/index.php?rest_route=%2Fwp%2Fv2%2Fmedia&parent=21526"}],"wp:term":[{"taxonomy":"category","embeddable":true,"href":"https:\/\/agromt.news\/index.php?rest_route=%2Fwp%2Fv2%2Fcategories&post=21526"},{"taxonomy":"post_tag","embeddable":true,"href":"https:\/\/agromt.news\/index.php?rest_route=%2Fwp%2Fv2%2Ftags&post=21526"}],"curies":[{"name":"wp","href":"https:\/\/api.w.org\/{rel}","templated":true}]}}