{"id":21496,"date":"2025-10-05T08:13:22","date_gmt":"2025-10-05T12:13:22","guid":{"rendered":"https:\/\/agromt.news\/?p=21496"},"modified":"2025-10-05T08:13:22","modified_gmt":"2025-10-05T12:13:22","slug":"mercado-do-boi-fecha-semana-dividido-entre-exportacao-e-consumo","status":"publish","type":"post","link":"https:\/\/agromt.news\/?p=21496","title":{"rendered":"Mercado do boi fecha semana dividido entre exporta\u00e7\u00e3o e consumo"},"content":{"rendered":"<p> <br \/>\n<\/p>\n<div>\n<div class=\"row\">\n<div class=\"col-lg col-infos mt-0 mt-lg-0\">\n<div class=\"section-sub-title\">\n<p itemprop=\"description\">&#13;<br \/>\n                                Cota\u00e7\u00e3o da novilha gorda apresentou rea\u00e7\u00e3o em S\u00e3o Paulo&#13;\n                            <\/p>\n<\/p><\/div>\n<div class=\"container\">\n<div class=\"row\">\n<div class=\"col-lg p-0\">\n<div>\n<div class=\"block-news-main-infos mt-3 text-start\">\n<p>                                            <strong class=\"fn\" itemprop=\"author\" style=\"color: rgb(112, 112, 112); \">&#13;<br \/>\n                                                <a href=\"https:\/\/www.agrolink.com.br\/noticias\/javascript:;\" class=\"text-uppercase\" target=\"_blank\" style=\"color: rgb(112, 112, 112); \" rel=\"noopener\">Agrolink<\/a>&#13;<br \/>\n&#13;<br \/>\n                                                    &#8211; Seane Lennon&#13;<br \/>\n&#13;<br \/>\n                                            <\/strong><br \/>\n                                        <\/p>\n<p>                                            <abbr><time datetime=\"2025 - 10 - 03T15:31\" itemprop=\"datePublished dateModified\"> Publicado em 03\/10\/2025 \u00e0s 15:31h.<\/time><\/abbr>\n                                    <\/div>\n<\/p><\/div>\n<\/p><\/div>\n<div class=\"col-lg p-0 text-lg-end\">\n<div>\n<div id=\"mdEnviarPagina\" class=\"modal fade\" role=\"dialog\">\n<div class=\"modal-dialog\">\n<div class=\"modal-content\">\n<div class=\"modal-body\">\n<p><strong>Estimado usu\u00e1rio.<\/strong><br \/>Preencha o formul\u00e1rio abaixo para remeter a p\u00e1gina.<\/p>\n<\/p><\/div>\n<\/p><\/div>\n<\/p><\/div>\n<\/div><\/div>\n<\/p><\/div>\n<\/p><\/div>\n<\/p><\/div>\n<\/p><\/div>\n<\/p><\/div>\n<div class=\"row justify-content-md-center mt-3\">\n<div class=\"col-lg-auto col-image block-news-main-image\">\n<p>                                <img decoding=\"async\" src=\"https:\/\/www.agrolink.com.br\/upload\/imagens-resizes\/d9b0de8e3ae2489496ae0d43a05445ab_858x483.jpg\" class=\"lazyload img-fluid\"\/><br \/>\n                                                <span class=\"publicity-photo d-block mt-1\">Foto: Canva<\/span><\/p><\/div>\n<\/p><\/div>\n<div class=\"section-description section-description-noticias mt-3\">\n<p style=\"text-align:justify\">De acordo com an\u00e1lise publicada nesta sexta-feira (3) no informativo Tem Boi na Linha, da Scot Consultoria, a cota\u00e7\u00e3o da novilha gorda apresentou rea\u00e7\u00e3o em S\u00e3o Paulo.<\/p>\n<p style=\"text-align:justify\">O levantamento apontou dois cen\u00e1rios distintos no mercado. \u201cAs ind\u00fastrias frigor\u00edficas voltadas ao mercado externo trabalharam com escalas mais alongadas. Algumas delas optaram por ficar fora das compras nesta manh\u00e3, enquanto as que atuaram mantiveram os pre\u00e7os nos mesmos patamares de ontem, mesmo com a menor oferta de bovinos hoje e ao longo da semana\u201d, destacou o boletim.&#13;\n<\/p>\n<p style=\"text-align:justify\">J\u00e1 no mercado interno, a retra\u00e7\u00e3o dos pecuaristas em negociar nos pre\u00e7os atuais resultou em escalas mais curtas. Apesar da divis\u00e3o, a an\u00e1lise observa que \u201co escoamento de carne bovina permanece travado, o que limita grandes altera\u00e7\u00f5es nas cota\u00e7\u00f5es\u201d.<\/p>\n<p style=\"text-align:justify\">Com isso, apenas a cota\u00e7\u00e3o da arroba da novilha registrou varia\u00e7\u00e3o, subindo R$ 2,00 nesta manh\u00e3. Para as demais categorias, os pre\u00e7os permaneceram est\u00e1veis em rela\u00e7\u00e3o ao dia anterior.<\/p>\n<p style=\"text-align:justify\">No Rio Grande do Sul, a retirada de bovinos das pastagens para abertura das \u00e1reas de semeadura das culturas de ver\u00e3o aumentou a oferta, impactando os pre\u00e7os. Na regi\u00e3o de Pelotas, o valor do boi caiu R$ 0,05\/kg, enquanto na regi\u00e3o Oeste houve queda de R$ 0,05\/kg na cota\u00e7\u00e3o da novilha. As demais categorias n\u00e3o sofreram altera\u00e7\u00f5es.&#13;\n<\/p>\n<p style=\"text-align:justify\">Em Rond\u00f4nia, o retorno das chuvas favoreceu a reten\u00e7\u00e3o de boiadas na expectativa de pre\u00e7os mais altos. No entanto, ap\u00f3s a alta registrada na quinta-feira (2) para todas as categorias, o mercado encerrou a semana com estabilidade nas cota\u00e7\u00f5es.<\/p>\n<\/p><\/div>\n<\/p><\/div>\n<p><script data-cfasync=\"false\">\n    !function (f, b, e, v, n, t, s) {\n        if (f.fbq) return; n = f.fbq = function () {\n            n.callMethod ?\n                n.callMethod.apply(n, arguments) : n.queue.push(arguments)\n        };\n        if (!f._fbq) f._fbq = n; n.push = n; n.loaded = !0; n.version = '2.0';\n        n.queue = []; t = b.createElement(e); t.async = !0;\n        t.src = v; s = b.getElementsByTagName(e)[0];\n        s.parentNode.insertBefore(t, s)\n    }(window, document, 'script',\n        'https:\/\/connect.facebook.net\/en_US\/fbevents.js');\n    fbq('init', '522546078623747');\n    fbq('track', 'PageView');\n<\/script><br \/>\n<br \/><br \/>\n<br \/><a href=\"https:\/\/www.agrolink.com.br\/noticias\/mercado-do-boi-fecha-semana-dividido-entre-exportacao-e-consumo_506619.html\">Source link <\/a><\/p>\n","protected":false},"excerpt":{"rendered":"<p>&#13; Cota\u00e7\u00e3o da novilha gorda apresentou rea\u00e7\u00e3o em S\u00e3o Paulo&#13; &#13; Agrolink&#13; &#13; &#8211; Seane Lennon&#13; &#13; Publicado em 03\/10\/2025<\/p>\n","protected":false},"author":1,"featured_media":2013,"comment_status":"open","ping_status":"open","sticky":false,"template":"","format":"standard","meta":{"_monsterinsights_skip_tracking":false,"_monsterinsights_sitenote_active":false,"_monsterinsights_sitenote_note":"","_monsterinsights_sitenote_category":0,"_uf_show_specific_survey":0,"_uf_disable_surveys":false,"footnotes":""},"categories":[8,1,14],"tags":[],"class_list":["post-21496","post","type-post","status-publish","format-standard","has-post-thumbnail","hentry","category-agro","category-news","category-politica-agro"],"_links":{"self":[{"href":"https:\/\/agromt.news\/index.php?rest_route=\/wp\/v2\/posts\/21496"}],"collection":[{"href":"https:\/\/agromt.news\/index.php?rest_route=\/wp\/v2\/posts"}],"about":[{"href":"https:\/\/agromt.news\/index.php?rest_route=\/wp\/v2\/types\/post"}],"author":[{"embeddable":true,"href":"https:\/\/agromt.news\/index.php?rest_route=\/wp\/v2\/users\/1"}],"replies":[{"embeddable":true,"href":"https:\/\/agromt.news\/index.php?rest_route=%2Fwp%2Fv2%2Fcomments&post=21496"}],"version-history":[{"count":0,"href":"https:\/\/agromt.news\/index.php?rest_route=\/wp\/v2\/posts\/21496\/revisions"}],"wp:featuredmedia":[{"embeddable":true,"href":"https:\/\/agromt.news\/index.php?rest_route=\/wp\/v2\/media\/2013"}],"wp:attachment":[{"href":"https:\/\/agromt.news\/index.php?rest_route=%2Fwp%2Fv2%2Fmedia&parent=21496"}],"wp:term":[{"taxonomy":"category","embeddable":true,"href":"https:\/\/agromt.news\/index.php?rest_route=%2Fwp%2Fv2%2Fcategories&post=21496"},{"taxonomy":"post_tag","embeddable":true,"href":"https:\/\/agromt.news\/index.php?rest_route=%2Fwp%2Fv2%2Ftags&post=21496"}],"curies":[{"name":"wp","href":"https:\/\/api.w.org\/{rel}","templated":true}]}}