{"id":21494,"date":"2025-10-05T07:21:25","date_gmt":"2025-10-05T11:21:25","guid":{"rendered":"https:\/\/agromt.news\/?p=21494"},"modified":"2025-10-05T07:21:25","modified_gmt":"2025-10-05T11:21:25","slug":"dia-nacional-do-empreendedor-valoriza-quem-transforma-o-pais","status":"publish","type":"post","link":"https:\/\/agromt.news\/?p=21494","title":{"rendered":"&#8216;Dia Nacional do Empreendedor&#8217; valoriza quem transforma o pa\u00eds"},"content":{"rendered":"<p> <br \/>\n<\/p>\n<div>\n<p>O <a href=\"https:\/\/www.canalrural.com.br\/empreendedorismo\/produtor-paraibano-conquista-certificacao-e-abre-novos-mercados-para-o-mel\/\">Dia Nacional do Empreendedor<\/a>, \u00e9 celebrado neste domingo, 5 de outubro, data em que entrou em vigor a lei <a href=\"https:\/\/www.canalrural.com.br\/agricultura\/jotabasso-e-canal-rural-fazem-parceria-para-producao-de-videocasts-em-feiras-agropecuarias\/\">n. 9.841\/1999 <\/a>que regulamenta o Estatuto da Microempresa e da Empresa de Pequeno Porte no pa\u00eds. Al\u00e9m disso, reconhece a for\u00e7a de quem transforma ideias em neg\u00f3cios e gera impacto econ\u00f4mico e social.<\/p>\n<p>Sendo assim,  simboliza o esfor\u00e7o coletivo de homens e mulheres que, todos os dias, assumem riscos para criar oportunidades, gerar empregos e levar desenvolvimento a diferentes regi\u00f5es. Para Elizani da Silva, produtora rural de Sorriso (MT), empreender exige determina\u00e7\u00e3o e f\u00e9. <\/p>\n<p>\u201cSer empreendedora e produtora rural \u00e9 enfrentar desafios di\u00e1rios com f\u00e9 e resili\u00eancia. O Dia Nacional do Empreendedor refor\u00e7a a import\u00e2ncia de valorizar quem gera oportunidades mesmo come\u00e7ando pequeno\u201d, afirma.<\/p>\n<figure class=\"wp-block-image size-large is-resized\"><img fetchpriority=\"high\" decoding=\"async\" width=\"682\" height=\"1024\" alt=\"Na foto, aparece uma mulher em meio \u00e0 planta\u00e7\u00e3o. \" class=\"wp-image-4127438\" style=\"width:448px;height:auto\"  data-lazy- src=\"https:\/\/agromt.news\/wp-content\/uploads\/2025\/10\/Dia-Nacional-do-Empreendedor-valoriza-quem-transforma-o-pais.jpeg\"\/><img decoding=\"async\" width=\"682\" height=\"1024\" src=\"https:\/\/agromt.news\/wp-content\/uploads\/2025\/10\/Dia-Nacional-do-Empreendedor-valoriza-quem-transforma-o-pais.jpeg\" alt=\"Na foto, aparece uma mulher em meio \u00e0 planta\u00e7\u00e3o. \" class=\"wp-image-4127438\" style=\"width:448px;height:auto\"  \/><figcaption class=\"wp-element-caption\">Elizani da Silva, produtora rural  e empreendedora em Sorriso (MT).<br \/>Foto: Arquivo pessoal.<\/figcaption><\/figure>\n<p>Essa celebra\u00e7\u00e3o refor\u00e7a a necessidade de apoiar quem faz a diferen\u00e7a no com\u00e9rcio, nos servi\u00e7os, no campo e nas cidades. De acordo com o <a href=\"https:\/\/sebraeatende.com.br\/artigo\/dia-do-empreendedor-tracando-caminhos-de-sucesso-no-mundo-dos-negocios-brasileiros\">Sebrae<\/a>, a data tamb\u00e9m \u00e9 uma oportunidade de valorizar os que escolheram trilhar o caminho do pr\u00f3prio neg\u00f3cio.<\/p>\n<p>\u201cO produtor rural \u00e9 fundamental para o desenvolvimento econ\u00f4mico e social do pa\u00eds. Temos de reconhecer a import\u00e2ncia desse trabalho essencial, realizado por milhares de homens e mulheres que, com dedica\u00e7\u00e3o e resili\u00eancia, produzem e garantem alimentos de qualidade\u201d, destaca Priscilla Lins, gerente de agroneg\u00f3cios e artesanato do <a href=\"https:\/\/sebrae.com.br\/sites\/PortalSebrae\/ufs\/mg?codUf=14\">Sebrae\/MG<\/a>.<\/p>\n<p>O empreendedorismo rural vai al\u00e9m da agricultura tradicional. \u201c\u00c9 crescente o n\u00famero de empreendedores que atuam em atividades ligadas ao turismo rural e de experi\u00eancia, \u00e0 agroind\u00fastria e \u00e0 produ\u00e7\u00e3o sustent\u00e1vel. Diante deste cen\u00e1rio, buscamos formas de valorizar o produto trabalhado\u201d, explica Rog\u00e9rio Fernandes, gerente do Sebrae\/MG na regional Jequitinhonha e Mucuri.<\/p>\n<ul class=\"wp-block-list\">\n<li>Participe do Porteira Aberta Empreender: envie perguntas, sugest\u00f5es e conte a sua hist\u00f3ria de empreendedorismo pelo<a href=\"https:\/\/api.whatsapp.com\/send?phone=5511932796720&amp;PorteiraAbertaEmpreender=SuaMensagem\"><strong> WhatsApp<\/strong><\/a><\/li>\n<\/ul>\n<h2 class=\"wp-block-heading\" id=\"h-desafios-e-conquistas-do-empreendedor\">Desafios e conquistas do empreendedor<\/h2>\n<p>A vida de quem empreende no campo \u00e9 marcada por obst\u00e1culos, mas tamb\u00e9m por conquistas. Isaias Rondinelli Rosa Pasqualini, produtor de mel e morangos da regi\u00e3o de S\u00e3o Roque (SP), compartilha sua experi\u00eancia:<\/p>\n<figure class=\"wp-block-image size-large is-resized\"><img decoding=\"async\" width=\"1024\" height=\"768\" alt=\"Na foto, est\u00e1 um homem mostrando a sua produ\u00e7\u00e3o de m\u00e9is. \" class=\"wp-image-4127441\" style=\"width:469px;height:auto\"  data-lazy- src=\"https:\/\/agromt.news\/wp-content\/uploads\/2025\/10\/1759663285_477_Dia-Nacional-do-Empreendedor-valoriza-quem-transforma-o-pais.jpeg\"\/><img loading=\"lazy\" decoding=\"async\" width=\"1024\" height=\"768\" src=\"https:\/\/agromt.news\/wp-content\/uploads\/2025\/10\/1759663285_477_Dia-Nacional-do-Empreendedor-valoriza-quem-transforma-o-pais.jpeg\" alt=\"Na foto, est\u00e1 um homem mostrando a sua produ\u00e7\u00e3o de m\u00e9is. \" class=\"wp-image-4127441\" style=\"width:469px;height:auto\"  \/><figcaption class=\"wp-element-caption\">Isaias Rondinelli Rosa Pasqualini, do S\u00edtio e Api\u00e1rio Pasqualini. <br \/>Foto: Arquivo pessoal. <\/figcaption><\/figure>\n<p>\u201cEmpreender no campo \u00e9 algo sensacional, porque trabalhamos com aquilo que gostamos, junto da fam\u00edlia. Mas, apesar disso, enfrentamos muitas barreiras burocr\u00e1ticas e, principalmente, a falta de m\u00e3o de obra. A sa\u00edda tem sido investir em mecaniza\u00e7\u00e3o e automa\u00e7\u00e3o, embora os custos estejam cada vez mais altos. Mesmo assim, sigo acreditando que empreender \u00e9 transformar o campo e gerar futuro.\u201d<\/p>\n<p>No Distrito Federal, a empreendedora rural Leandra Alvarenga refor\u00e7a a import\u00e2ncia de dar visibilidade ao pequeno produtor. \u201cO empreendedor rural vai muito al\u00e9m do plantar. \u00c9 uma transforma\u00e7\u00e3o que exige aprender constantemente e ter coragem de assumir riscos, mas que traz crescimento pessoal e fortalece o campo.\u201d<\/p>\n<figure class=\"wp-block-image size-large is-resized\"><img loading=\"lazy\" decoding=\"async\" width=\"1024\" height=\"765\" alt=\"Na foto aparecem tr\u00eas pessoas, sendo duas mulheres e um homem. \" class=\"wp-image-4127444\" style=\"width:495px;height:auto\"  data-lazy- src=\"https:\/\/agromt.news\/wp-content\/uploads\/2025\/10\/1759663285_897_Dia-Nacional-do-Empreendedor-valoriza-quem-transforma-o-pais.jpeg\"\/><img loading=\"lazy\" decoding=\"async\" width=\"1024\" height=\"765\" src=\"https:\/\/agromt.news\/wp-content\/uploads\/2025\/10\/1759663285_897_Dia-Nacional-do-Empreendedor-valoriza-quem-transforma-o-pais.jpeg\" alt=\"Na foto aparecem tr\u00eas pessoas, sendo duas mulheres e um homem. \" class=\"wp-image-4127444\" style=\"width:495px;height:auto\"  \/><figcaption class=\"wp-element-caption\">Leandra Alvarenga, da Cerrado Blue (DF), ao centro, posa ao lado de seus s\u00f3cios. <br \/>Foto: Arquivo pessoal<\/figcaption><\/figure>\n<p>Assim, o \u2018<strong>Dia Nacional do Empreendedor\u2019 <\/strong>n\u00e3o apenas homenageia, mas tamb\u00e9m <strong>inspira novas gera\u00e7\u00f5es, busca solu\u00e7\u00f5es e fortalece quem faz a diferen\u00e7a no pa\u00eds. A equipe do Porteira Aberta Empreender parabeniza todos os empreendedores que trabalham para transformar sonhos em realidade<\/strong>.<\/p>\n<h2 class=\"wp-block-heading\" id=\"h-porteira-aberta-empreender\"><strong>Porteira Aberta Empreender<\/strong><\/h2>\n<p>Quer saber mais? Assista ao programa <a href=\"https:\/\/www.canalrural.com.br\/empreendedorismo\/transforme-sua-propriedade-em-um-destino-turistico\/\"><strong>Porteira Aberta Empreender<\/strong>,<\/a> uma parceria entre o Sebrae e o Canal Rural, que traz dicas, orienta\u00e7\u00f5es e mostra hist\u00f3rias reais de micro e pequenos produtores de todo o pa\u00eds.<\/p>\n<figure class=\"wp-block-image size-full is-resized\"><img loading=\"lazy\" decoding=\"async\" width=\"1013\" height=\"1017\" alt=\"\" class=\"wp-image-4116505\" style=\"width:476px;height:auto\"  data-lazy- src=\"https:\/\/agromt.news\/wp-content\/uploads\/2025\/08\/tradicao-dos-queijos-artesanais-e-turismo-rural-em-Goias.png\"\/><img loading=\"lazy\" decoding=\"async\" width=\"1013\" height=\"1017\" src=\"https:\/\/agromt.news\/wp-content\/uploads\/2025\/08\/tradicao-dos-queijos-artesanais-e-turismo-rural-em-Goias.png\" alt=\"\" class=\"wp-image-4116505\" style=\"width:476px;height:auto\"  \/><figcaption class=\"wp-element-caption\">\u00c0s sextas-feiras, \u00e0s 18h, no Canal Rural. | Foto: Arte Divulga\u00e7\u00e3o<\/figcaption><\/figure>\n<\/p><\/div>\n<p><br \/>\n<br \/><a href=\"https:\/\/www.canalrural.com.br\/empreendedorismo\/dia-nacional-do-empreendedor-valoriza-quem-transforma-o-pais\/\">Source link <\/a><\/p>\n","protected":false},"excerpt":{"rendered":"<p>O Dia Nacional do Empreendedor, \u00e9 celebrado neste domingo, 5 de outubro, data em que entrou em vigor a lei<\/p>\n","protected":false},"author":1,"featured_media":21495,"comment_status":"open","ping_status":"open","sticky":false,"template":"","format":"standard","meta":{"_monsterinsights_skip_tracking":false,"_monsterinsights_sitenote_active":false,"_monsterinsights_sitenote_note":"","_monsterinsights_sitenote_category":0,"_uf_show_specific_survey":0,"_uf_disable_surveys":false,"footnotes":""},"categories":[1],"tags":[],"class_list":["post-21494","post","type-post","status-publish","format-standard","has-post-thumbnail","hentry","category-news"],"_links":{"self":[{"href":"https:\/\/agromt.news\/index.php?rest_route=\/wp\/v2\/posts\/21494"}],"collection":[{"href":"https:\/\/agromt.news\/index.php?rest_route=\/wp\/v2\/posts"}],"about":[{"href":"https:\/\/agromt.news\/index.php?rest_route=\/wp\/v2\/types\/post"}],"author":[{"embeddable":true,"href":"https:\/\/agromt.news\/index.php?rest_route=\/wp\/v2\/users\/1"}],"replies":[{"embeddable":true,"href":"https:\/\/agromt.news\/index.php?rest_route=%2Fwp%2Fv2%2Fcomments&post=21494"}],"version-history":[{"count":0,"href":"https:\/\/agromt.news\/index.php?rest_route=\/wp\/v2\/posts\/21494\/revisions"}],"wp:featuredmedia":[{"embeddable":true,"href":"https:\/\/agromt.news\/index.php?rest_route=\/wp\/v2\/media\/21495"}],"wp:attachment":[{"href":"https:\/\/agromt.news\/index.php?rest_route=%2Fwp%2Fv2%2Fmedia&parent=21494"}],"wp:term":[{"taxonomy":"category","embeddable":true,"href":"https:\/\/agromt.news\/index.php?rest_route=%2Fwp%2Fv2%2Fcategories&post=21494"},{"taxonomy":"post_tag","embeddable":true,"href":"https:\/\/agromt.news\/index.php?rest_route=%2Fwp%2Fv2%2Ftags&post=21494"}],"curies":[{"name":"wp","href":"https:\/\/api.w.org\/{rel}","templated":true}]}}