{"id":21438,"date":"2025-10-03T18:36:04","date_gmt":"2025-10-03T22:36:04","guid":{"rendered":"https:\/\/agromt.news\/?p=21438"},"modified":"2025-10-03T18:36:04","modified_gmt":"2025-10-03T22:36:04","slug":"rondonia-confirma-foco-de-raiva-bovina-e-exige-vacinacao-emergencial","status":"publish","type":"post","link":"https:\/\/agromt.news\/?p=21438","title":{"rendered":"Rond\u00f4nia confirma foco de raiva bovina e exige vacina\u00e7\u00e3o emergencial"},"content":{"rendered":"<p> <br \/>\n<br \/><img decoding=\"async\" src=\"https:\/\/agromt.news\/wp-content\/uploads\/2025\/10\/Rondonia-confirma-foco-de-raiva-bovina-e-exige-vacinacao-emergencial.jpg\" \/><\/p>\n<div>\n<p>O Governo de Rond\u00f4nia emitiu um <strong>alerta sanit\u00e1rio<\/strong> urgente para os pecuaristas ap\u00f3s a confirma\u00e7\u00e3o de um foco de <strong>raiva bovina<\/strong> em uma fazenda. A Ag\u00eancia de Defesa Sanit\u00e1ria Agrosilvopastoril do Estado de Rond\u00f4nia (<strong>Idaron<\/strong>) confirmou a ocorr\u00eancia no munic\u00edpio de Campo Novo de Rond\u00f4nia, ap\u00f3s resultados laboratoriais positivos.<\/p>\n<p>At\u00e9 o momento da confirma\u00e7\u00e3o, tr\u00eas animais doentes, todos com idade superior a 36 meses, vieram a \u00f3bito. Diante do diagn\u00f3stico, as equipes da Idaron agiram imediatamente, dando in\u00edcio \u00e0s <strong>medidas emergenciais de controle<\/strong> do foco. <\/p>\n<p>A principal a\u00e7\u00e3o \u00e9 a visita a todas as propriedades localizadas em um raio de at\u00e9 <strong>12 km<\/strong> do local, com o objetivo de orientar os produtores sobre a necessidade urgente de <strong>vacina\u00e7\u00e3o do rebanho<\/strong>.<\/p>\n<p>A raiva \u00e9 uma doen\u00e7a viral fatal que ataca o sistema nervoso central do animal e, por ser uma <strong>zoonose<\/strong>, representa um risco grav\u00edssimo \u00e0 sa\u00fade p\u00fablica, podendo ser transmitida para o ser humano. A confirma\u00e7\u00e3o em Rond\u00f4nia, um estado chave para a pecu\u00e1ria nacional, acende um sinal de alerta para toda a cadeia produtiva e exige a m\u00e1xima colabora\u00e7\u00e3o dos pecuaristas.<\/p>\n<h3 class=\"wp-block-heading\" id=\"h-tres-medidas-cruciais-para-proteger-o-rebanho-e-a-saude-humana\"><strong>Tr\u00eas medidas cruciais para proteger o rebanho e a sa\u00fade humana<\/strong><\/h3>\n<p>O foco da Idaron \u00e9 garantir o r\u00e1pido controle e evitar a dissemina\u00e7\u00e3o do v\u00edrus. Al\u00e9m das visitas em campo, a ag\u00eancia est\u00e1 promovendo campanhas educativas para refor\u00e7ar as informa\u00e7\u00f5es cruciais. Aos produtores, a Idaron indica que sigam rigorosamente tr\u00eas medidas emergenciais:<\/p>\n<ol start=\"1\" class=\"wp-block-list\">\n<li><strong>Vacinar o gado:<\/strong> a <strong>vacina\u00e7\u00e3o<\/strong> \u00e9 a \u00fanica forma eficaz e comprovada de proteger o rebanho contra a doen\u00e7a.<\/li>\n<li><strong>Fazer a declara\u00e7\u00e3o:<\/strong> o produtor tem a obriga\u00e7\u00e3o de declarar a vacina\u00e7\u00e3o do gado junto \u00e0 <strong>Idaron<\/strong>, garantindo o monitoramento oficial da cobertura vacinal.<\/li>\n<li><strong>Notificar:<\/strong> \u00e9 obrigat\u00f3rio <strong>notificar<\/strong> a ag\u00eancia imediatamente em caso de qualquer suspeita da doen\u00e7a em animais na fazenda.<\/li>\n<\/ol>\n<p>O sucesso no controle depende da parceria e da conscientiza\u00e7\u00e3o de cada pecuarista em Rond\u00f4nia. Ao vacinar e notificar, o produtor n\u00e3o apenas protege sua propriedade, mas contribui para a <strong>Sa\u00fade \u00danica<\/strong> na regi\u00e3o.<\/p>\n<h4 class=\"wp-block-heading\" id=\"h-protocolo-de-vacinacao-e-sintomas-de-alerta\"><strong>Protocolo de vacina\u00e7\u00e3o e sintomas de alerta<\/strong><\/h4>\n<p>O produtor deve seguir o protocolo de aplica\u00e7\u00e3o da vacina para garantir a imuniza\u00e7\u00e3o completa:<\/p>\n<ul class=\"wp-block-list\">\n<li><strong>Esquema inicial:<\/strong> animais que est\u00e3o sendo vacinados pela primeira vez precisam receber uma <strong>segunda dose de refor\u00e7o<\/strong> cerca de quatro semanas ap\u00f3s a primeira aplica\u00e7\u00e3o.<\/li>\n<li><strong>Refor\u00e7o cont\u00ednuo:<\/strong> ap\u00f3s esse esquema inicial, basta aplicar uma dose <strong>anualmente<\/strong> para assegurar a prote\u00e7\u00e3o cont\u00ednua do rebanho.<\/li>\n<\/ul>\n<p>Qualquer sintoma suspeito deve ser notificado imediatamente para que o servi\u00e7o veterin\u00e1rio oficial possa isolar a \u00e1rea e realizar o <strong>abate sanit\u00e1rio<\/strong>, impedindo que o v\u00edrus se espalhe. Os produtores devem ficar atentos a sinais como:<\/p>\n<ul class=\"wp-block-list\">\n<li><strong>Mudan\u00e7a de comportamento<\/strong> (agressividade ou isolamento);<\/li>\n<li><strong>Incoordena\u00e7\u00e3o motora<\/strong> ou paralisia;<\/li>\n<li><strong>Saliva\u00e7\u00e3o excessiva<\/strong> (baba).<\/li>\n<\/ul>\n<p>A notifica\u00e7\u00e3o r\u00e1pida \u00e9 a ferramenta mais poderosa contra a <strong>raiva bovina<\/strong>, protegendo o rebanho e a economia do estado.<\/p>\n<\/p><\/div>\n<p><br \/>\n<br \/><a href=\"https:\/\/www.canalrural.com.br\/pecuaria\/rondonia-raiva-bovina-vacinacao\/\">Source link <\/a><\/p>\n","protected":false},"excerpt":{"rendered":"<p>O Governo de Rond\u00f4nia emitiu um alerta sanit\u00e1rio urgente para os pecuaristas ap\u00f3s a confirma\u00e7\u00e3o de um foco de raiva<\/p>\n","protected":false},"author":1,"featured_media":21439,"comment_status":"open","ping_status":"open","sticky":false,"template":"","format":"standard","meta":{"_monsterinsights_skip_tracking":false,"_monsterinsights_sitenote_active":false,"_monsterinsights_sitenote_note":"","_monsterinsights_sitenote_category":0,"_uf_show_specific_survey":0,"_uf_disable_surveys":false,"footnotes":""},"categories":[1],"tags":[],"class_list":["post-21438","post","type-post","status-publish","format-standard","has-post-thumbnail","hentry","category-news"],"_links":{"self":[{"href":"https:\/\/agromt.news\/index.php?rest_route=\/wp\/v2\/posts\/21438"}],"collection":[{"href":"https:\/\/agromt.news\/index.php?rest_route=\/wp\/v2\/posts"}],"about":[{"href":"https:\/\/agromt.news\/index.php?rest_route=\/wp\/v2\/types\/post"}],"author":[{"embeddable":true,"href":"https:\/\/agromt.news\/index.php?rest_route=\/wp\/v2\/users\/1"}],"replies":[{"embeddable":true,"href":"https:\/\/agromt.news\/index.php?rest_route=%2Fwp%2Fv2%2Fcomments&post=21438"}],"version-history":[{"count":0,"href":"https:\/\/agromt.news\/index.php?rest_route=\/wp\/v2\/posts\/21438\/revisions"}],"wp:featuredmedia":[{"embeddable":true,"href":"https:\/\/agromt.news\/index.php?rest_route=\/wp\/v2\/media\/21439"}],"wp:attachment":[{"href":"https:\/\/agromt.news\/index.php?rest_route=%2Fwp%2Fv2%2Fmedia&parent=21438"}],"wp:term":[{"taxonomy":"category","embeddable":true,"href":"https:\/\/agromt.news\/index.php?rest_route=%2Fwp%2Fv2%2Fcategories&post=21438"},{"taxonomy":"post_tag","embeddable":true,"href":"https:\/\/agromt.news\/index.php?rest_route=%2Fwp%2Fv2%2Ftags&post=21438"}],"curies":[{"name":"wp","href":"https:\/\/api.w.org\/{rel}","templated":true}]}}