{"id":21434,"date":"2025-10-03T18:08:02","date_gmt":"2025-10-03T22:08:02","guid":{"rendered":"https:\/\/agromt.news\/?p=21434"},"modified":"2025-10-03T18:08:02","modified_gmt":"2025-10-03T22:08:02","slug":"trem-de-carga-com-30-vagoes-carregados-com-milho-descarrila-no-interior-paulista","status":"publish","type":"post","link":"https:\/\/agromt.news\/?p=21434","title":{"rendered":"Trem de carga com 30 vag\u00f5es carregados com milho descarrila no interior paulista"},"content":{"rendered":"<p> <br \/>\n<br \/><img decoding=\"async\" src=\"https:\/\/agromt.news\/wp-content\/uploads\/2025\/10\/Trem-de-carga-com-30-vagoes-carregados-com-milho-descarrila.jpg\" \/><\/p>\n<div>\n<p>Um trem de carga da Rumo Log\u00edstica descarrilou na tarde de quinta-feira (2) no munic\u00edpio de Araraquara, interior de S\u00e3o Paulo. Cerca de 30 vag\u00f5es carregados com <strong><a href=\"https:\/\/www.canalrural.com.br\/tag\/milho\/\">milho<\/a><\/strong> sa\u00edram dos eixos e, de acordo com a empresa, ningu\u00e9m ficou ferido.<\/p>\n<p>O trabalho de remo\u00e7\u00e3o dos vag\u00f5es e limpeza da linha f\u00e9rrea seguiu durante toda a madrugada e deve continuar ao longo desta sexta com o aux\u00edlio de tratores e caminh\u00f5es. De acordo com a companhia, ningu\u00e9m ficou ferido.<\/p>\n<p>O acidente aconteceu no Km 14 da ferrovia, entre os p\u00e1tios de Tutoia e o distrito Bueno de Andrada, em Araraquara. Uma das suspeitas \u00e9 que houve falha em um engate, causando a queda dos vag\u00f5es.<\/p>\n<p>A linha \u00e9 uma das principais liga\u00e7\u00f5es ferrovi\u00e1rias que conecta o interior paulista ao Porto de Santos. A administra\u00e7\u00e3o portu\u00e1ria disse, em nota, que \u201cn\u00e3o foram registrados impactos na opera\u00e7\u00e3o ferrovi\u00e1ria\u201d.<\/p>\n<p>O trecho da linha f\u00e9rrea entre Bueno de Andrada e Tutoia, em Araraquara, faz parte da Malha Paulista, que \u00e9 operada pela Rumo, e \u00e9 usado principalmente para transportar cargas diversas, como commodities agr\u00edcolas, produtos industrializados e combust\u00edveis.<\/p>\n<p>Trata-se do segundo acidente na cidade em sete dias envolvendo a mesma companhia. Em 25 de setembro, uma composi\u00e7\u00e3o tamb\u00e9m com milho colidiu em um caminh\u00e3o carregado com cana-de-a\u00e7\u00facar em uma passagem de n\u00edvel quando o ve\u00edculo tentou avan\u00e7ar sobre a linha f\u00e9rrea antes de o trem passar. Na ocasi\u00e3o, 14 dos vag\u00f5es sa\u00edram dos trilhos e tombaram.<\/p>\n<\/p><\/div>\n<p><br \/>\n<br \/><a href=\"https:\/\/www.canalrural.com.br\/nacional\/trem-de-carga-com-30-vagoes-carregados-com-milho-descarrila-no-interior-paulista\/\">Source link <\/a><\/p>\n","protected":false},"excerpt":{"rendered":"<p>Um trem de carga da Rumo Log\u00edstica descarrilou na tarde de quinta-feira (2) no munic\u00edpio de Araraquara, interior de S\u00e3o<\/p>\n","protected":false},"author":1,"featured_media":21435,"comment_status":"open","ping_status":"open","sticky":false,"template":"","format":"standard","meta":{"_monsterinsights_skip_tracking":false,"_monsterinsights_sitenote_active":false,"_monsterinsights_sitenote_note":"","_monsterinsights_sitenote_category":0,"_uf_show_specific_survey":0,"_uf_disable_surveys":false,"footnotes":""},"categories":[1],"tags":[],"class_list":["post-21434","post","type-post","status-publish","format-standard","has-post-thumbnail","hentry","category-news"],"_links":{"self":[{"href":"https:\/\/agromt.news\/index.php?rest_route=\/wp\/v2\/posts\/21434"}],"collection":[{"href":"https:\/\/agromt.news\/index.php?rest_route=\/wp\/v2\/posts"}],"about":[{"href":"https:\/\/agromt.news\/index.php?rest_route=\/wp\/v2\/types\/post"}],"author":[{"embeddable":true,"href":"https:\/\/agromt.news\/index.php?rest_route=\/wp\/v2\/users\/1"}],"replies":[{"embeddable":true,"href":"https:\/\/agromt.news\/index.php?rest_route=%2Fwp%2Fv2%2Fcomments&post=21434"}],"version-history":[{"count":0,"href":"https:\/\/agromt.news\/index.php?rest_route=\/wp\/v2\/posts\/21434\/revisions"}],"wp:featuredmedia":[{"embeddable":true,"href":"https:\/\/agromt.news\/index.php?rest_route=\/wp\/v2\/media\/21435"}],"wp:attachment":[{"href":"https:\/\/agromt.news\/index.php?rest_route=%2Fwp%2Fv2%2Fmedia&parent=21434"}],"wp:term":[{"taxonomy":"category","embeddable":true,"href":"https:\/\/agromt.news\/index.php?rest_route=%2Fwp%2Fv2%2Fcategories&post=21434"},{"taxonomy":"post_tag","embeddable":true,"href":"https:\/\/agromt.news\/index.php?rest_route=%2Fwp%2Fv2%2Ftags&post=21434"}],"curies":[{"name":"wp","href":"https:\/\/api.w.org\/{rel}","templated":true}]}}