{"id":21430,"date":"2025-10-03T17:39:29","date_gmt":"2025-10-03T21:39:29","guid":{"rendered":"https:\/\/agromt.news\/?p=21430"},"modified":"2025-10-03T17:39:29","modified_gmt":"2025-10-03T21:39:29","slug":"rioagro-leva-a-correta-imagem-do-agro-brasileiro-sustentavel-ao-mundo","status":"publish","type":"post","link":"https:\/\/agromt.news\/?p=21430","title":{"rendered":"Rio+Agro leva a correta imagem do agro brasileiro sustent\u00e1vel ao mundo"},"content":{"rendered":"<p> <br \/>\n<\/p>\n<div>\n<p>No Rio Centro se encerra nesta sexta-feira (3) o terceiro e \u00faltimo dia do Rio+Agro \u2013 F\u00f3rum Internacional do Desenvolvimento Agroambiental Sustent\u00e1vel, com \u00eanfase na vis\u00e3o do Brasil + na\u00e7\u00f5es do cintur\u00e3o tropical do planeta para a\u00e7\u00f5es comuns de ci\u00eancia, tecnologia, empreendedorismo e cooperativismo, objetivando atuar na seguran\u00e7a alimentar, energ\u00e9tica, mudan\u00e7a clim\u00e1tica e desigualdade social.<\/p>\n<p>Autoridades estiveram presentes nos dois primeiros dias no Rio Centro, como o ex-ministro Roberto Rodrigues, hoje coordenador da vis\u00e3o agr\u00edcola para a COP30; Tirso de Salles Meirelles, presidente da Fesp; e Francisco Maturro, presidente da Rede ILPF com o programa Caminho Verde, que busca transformar 40 milh\u00f5es de hectares de \u00e1reas degradadas em cultivos sustent\u00e1veis, modernos e integrados com agroind\u00fastrias visando agrega\u00e7\u00e3o de valor.<\/p>\n<p>O estado do Rio de Janeiro se fez presente com o Instituto Rio Metr\u00f3pole, com munic\u00edpios como Maca\u00e9 que ir\u00e1 instalar uma unidade industrial para produzir fertilizantes nitrogenados, aproveitando o g\u00e1s natural das bases mar\u00edtimas da Petrobras.<\/p>\n<p>O governador do Rio, Cl\u00e1udio Castro, na abertura do Rio+Agro nos deu a seguinte declara\u00e7\u00e3o:<\/p>\n<p>\u201cTemos investido muito na quest\u00e3o do interior [do estado]. Assim que eu assumi no finalzinho da pandemia eu conversava com os colegas e governadores que melhor tinham passado e todos me falavam que tinham passado melhor gra\u00e7as a um interior forte e n\u00f3s vimos do processo de valoriza\u00e7\u00e3o do interior e quando voc\u00ea vai para o interior \u00e9 imposs\u00edvel voc\u00ea n\u00e3o enxergar o agro. Esse agro que \u00e9 forte, pujante, mas que hoje \u00e9 muito regional. E precisa de muito pouco para esse agro virar nacional e mundial\u201d, disse. <\/p>\n<p>E completou: \u201cEnt\u00e3o estamos trabalhando no favorecimento da infraestrutura, na redu\u00e7\u00e3o da carga tribut\u00e1ria, no incentivo e na jornada do empreendedor. Agora os laborat\u00f3rios de uva, de caf\u00e9 e de soja que v\u00e3o ser fundamentais para que encontremos as nossas pr\u00f3prias solu\u00e7\u00f5es para a valoriza\u00e7\u00e3o desse empreendedor. Ent\u00e3o eu n\u00e3o tenho d\u00favida que esse evento mostra um pouco disso, traz para o Rio conhecer aquilo que \u00e9 feito e mostra um Rio de Janeiro que tem sido a cada dia mais agro. E sabemos que a quest\u00e3o do petr\u00f3leo, \u00f3leo e g\u00e1s \u00e9 uma quest\u00e3o finita e o Rio de Janeiro vai precisar ter novas matrizes econ\u00f4micas e o agro, com certeza, \u00e9 uma das principais dela\u201d, disse. <\/p>\n<p>O governador ainda detalhou: \u201cO Rio \u00e9 vitrine, \u00e9 vanguarda, \u00e9 cora\u00e7\u00e3o. Ent\u00e3o quando o Rio investe sobretudo no agro ecol\u00f3gico, no agro verdadeiramente verde, sustent\u00e1vel, eu acho que estamos dando uma prova para o Brasil inteiro que d\u00e1 para fazer dessa forma. O agro n\u00e3o precisa ser destrutivo, o agro pode ser construtivo de uma sociedade verde, sustent\u00e1vel e no Rio estamos dando esse toque sustent\u00e1vel desde esse in\u00edcio e por isso essa feira toda para juntar o agro com sustentabilidade. \u00c9 uma maneira de mostrarmos para o mundo inteiro que \u00e9 poss\u00edvel\u201d.<\/p>\n<p>Muito interessante a a\u00e7\u00e3o da Agrofavela, iniciativa da ONG Central \u00danica das Favelas (Cufa) que ir\u00e1 desenvolver hortas urbanas comunit\u00e1rias, gastronomia e produtos que gerem renda e mais qualidade de vida nas comunidades. Os dados s\u00e3o de forte impacto, com 17 milh\u00f5es de brasileiros vivendo nas favelas, por\u00e9m com um consumo de mais de R$ 300 milh\u00f5es.<\/p>\n<p>Embaixadores de pa\u00edses como Eti\u00f3pia e Kenia mostraram as oportunidades para amplia\u00e7\u00e3o da tecnologia em toda \u00c1frica, e Ana Euler, diretora executiva da Embrapa, fez uma excelente apresenta\u00e7\u00e3o mostrando todas as tecnologias dispon\u00edveis hoje para utiliza\u00e7\u00e3o no Brasil e em toda faixa tropical do planeta.<\/p>\n<p>O Rio+Agro encerra hoje com mais pain\u00e9is, com exemplos e cases de sucesso, com o pr\u00eamio Nobel da Agricultura Dr\u00aa Mari\u00e2ngela Hungria com sua pesquisa de fixa\u00e7\u00e3o de nitrog\u00eanio no solo.<\/p>\n<p>Esta a\u00e7\u00e3o Rio+Agro objetiva levar a correta imagem agro sustent\u00e1vel do Brasil para o mundo.<\/p>\n<div class=\"wp-block-media-text is-stacked-on-mobile\">\n<figure class=\"wp-block-media-text__media\"><img fetchpriority=\"high\" decoding=\"async\" width=\"982\" height=\"1024\" src=\"https:\/\/agromt.news\/wp-content\/uploads\/2025\/05\/Antes-e-pos-porteira-das-fazendas-crescem-no-primeiro-trimestre-do.png\" alt=\"Jos\u00e9 Tejon\" class=\"wp-image-4103023 size-full\"  \/><\/figure>\n<div class=\"wp-block-media-text__content\">\n<p>*Jos\u00e9<strong>\u00a0Luiz\u00a0Tejon<\/strong><em>\u00a0\u00e9\u00a0jornalista e publicit\u00e1rio,\u00a0doutor em Educa\u00e7\u00e3o pela Universidad de La Empresa\/Uruguai e mestre em Educa\u00e7\u00e3o Arte e Hist\u00f3ria da Cultura pela Universidade Mackenzie.<\/em><\/p>\n<\/div>\n<\/div>\n<hr class=\"wp-block-separator has-alpha-channel-opacity\"\/>\n<p><em>O\u00a0<strong>Canal Rural<\/strong>\u00a0n\u00e3o se responsabiliza pelas opini\u00f5es e conceitos emitidos nos textos desta sess\u00e3o, sendo os conte\u00fados de inteira responsabilidade de seus autores. A empresa se reserva o direito de fazer ajustes no texto para adequa\u00e7\u00e3o \u00e0s normas de publica\u00e7\u00e3o.<\/em><\/p>\n<\/p><\/div>\n<p><br \/>\n<br \/><a href=\"https:\/\/www.canalrural.com.br\/opiniao-noticias\/rioagro-leva-a-correta-imagem-do-agro-brasileiro-sustentavel-ao-mundo\/\">Source link <\/a><\/p>\n","protected":false},"excerpt":{"rendered":"<p>No Rio Centro se encerra nesta sexta-feira (3) o terceiro e \u00faltimo dia do Rio+Agro \u2013 F\u00f3rum Internacional do Desenvolvimento<\/p>\n","protected":false},"author":1,"featured_media":21431,"comment_status":"open","ping_status":"open","sticky":false,"template":"","format":"standard","meta":{"_monsterinsights_skip_tracking":false,"_monsterinsights_sitenote_active":false,"_monsterinsights_sitenote_note":"","_monsterinsights_sitenote_category":0,"_uf_show_specific_survey":0,"_uf_disable_surveys":false,"footnotes":""},"categories":[1],"tags":[],"class_list":["post-21430","post","type-post","status-publish","format-standard","has-post-thumbnail","hentry","category-news"],"_links":{"self":[{"href":"https:\/\/agromt.news\/index.php?rest_route=\/wp\/v2\/posts\/21430"}],"collection":[{"href":"https:\/\/agromt.news\/index.php?rest_route=\/wp\/v2\/posts"}],"about":[{"href":"https:\/\/agromt.news\/index.php?rest_route=\/wp\/v2\/types\/post"}],"author":[{"embeddable":true,"href":"https:\/\/agromt.news\/index.php?rest_route=\/wp\/v2\/users\/1"}],"replies":[{"embeddable":true,"href":"https:\/\/agromt.news\/index.php?rest_route=%2Fwp%2Fv2%2Fcomments&post=21430"}],"version-history":[{"count":0,"href":"https:\/\/agromt.news\/index.php?rest_route=\/wp\/v2\/posts\/21430\/revisions"}],"wp:featuredmedia":[{"embeddable":true,"href":"https:\/\/agromt.news\/index.php?rest_route=\/wp\/v2\/media\/21431"}],"wp:attachment":[{"href":"https:\/\/agromt.news\/index.php?rest_route=%2Fwp%2Fv2%2Fmedia&parent=21430"}],"wp:term":[{"taxonomy":"category","embeddable":true,"href":"https:\/\/agromt.news\/index.php?rest_route=%2Fwp%2Fv2%2Fcategories&post=21430"},{"taxonomy":"post_tag","embeddable":true,"href":"https:\/\/agromt.news\/index.php?rest_route=%2Fwp%2Fv2%2Ftags&post=21430"}],"curies":[{"name":"wp","href":"https:\/\/api.w.org\/{rel}","templated":true}]}}