{"id":21427,"date":"2025-10-03T17:20:30","date_gmt":"2025-10-03T21:20:30","guid":{"rendered":"https:\/\/agromt.news\/?p=21427"},"modified":"2025-10-03T17:20:30","modified_gmt":"2025-10-03T21:20:30","slug":"soja-tem-ganho-de-ate-13-com-polinizacao-de-abelhas","status":"publish","type":"post","link":"https:\/\/agromt.news\/?p=21427","title":{"rendered":"Soja tem ganho de at\u00e9 13% com poliniza\u00e7\u00e3o de abelhas"},"content":{"rendered":"<p> <br \/>\n<\/p>\n<div>\n<div class=\"row\">\n<div class=\"col-lg col-infos mt-0 mt-lg-0\">\n<div class=\"section-sub-title\">\n<p itemprop=\"description\">&#13;<br \/>\n                                Estudo confirma impacto das abelhas na sojicultura&#13;\n                            <\/p>\n<\/p><\/div>\n<div class=\"container\">\n<div class=\"row\">\n<div class=\"col-lg p-0\">\n<div>\n<div class=\"block-news-main-infos mt-3 text-start\">\n<p>                                            <strong class=\"fn\" itemprop=\"author\" style=\"color: rgb(112, 112, 112); \">&#13;<br \/>\n                                                <a href=\"https:\/\/www.agrolink.com.br\/noticias\/javascript:;\" class=\"text-uppercase\" target=\"_blank\" style=\"color: rgb(112, 112, 112); \" rel=\"noopener\">Agrolink<\/a>&#13;<br \/>\n&#13;<br \/>\n                                                    &#8211; Seane Lennon&#13;<br \/>\n&#13;<br \/>\n                                            <\/strong><br \/>\n                                        <\/p>\n<p>                                            <abbr><time datetime=\"2025 - 10 - 03T10:46\" itemprop=\"datePublished dateModified\"> Publicado em 03\/10\/2025 \u00e0s 10:46h.<\/time><\/abbr>\n                                    <\/div>\n<\/p><\/div>\n<\/p><\/div>\n<div class=\"col-lg p-0 text-lg-end\">\n<div>\n<div id=\"mdEnviarPagina\" class=\"modal fade\" role=\"dialog\">\n<div class=\"modal-dialog\">\n<div class=\"modal-content\">\n<div class=\"modal-body\">\n<p><strong>Estimado usu\u00e1rio.<\/strong><br \/>Preencha o formul\u00e1rio abaixo para remeter a p\u00e1gina.<\/p>\n<\/p><\/div>\n<\/p><\/div>\n<\/p><\/div>\n<\/div><\/div>\n<\/p><\/div>\n<\/p><\/div>\n<\/p><\/div>\n<\/p><\/div>\n<\/p><\/div>\n<div class=\"row justify-content-md-center mt-3\">\n<div class=\"col-lg-auto col-image block-news-main-image\">\n<p>                                <img decoding=\"async\" src=\"https:\/\/www.agrolink.com.br\/upload\/imagens-resizes\/786163e7e7fd4f288d7418f1aabf5ef5_858x483.jpg\" class=\"lazyload img-fluid\"\/><br \/>\n                                                <span class=\"publicity-photo d-block mt-1\">Foto: Pixabay<\/span><\/p><\/div>\n<\/p><\/div>\n<div class=\"section-description section-description-noticias mt-3\">\n<p style=\"text-align:justify\">O dia 3 de outubro marca a data nacional das abelhas, insetos reconhecidos como fundamentais para o equil\u00edbrio dos ecossistemas. Respons\u00e1veis pela poliniza\u00e7\u00e3o de cerca de 90% das plantas com flores do planeta, segundo a Embrapa, elas exercem papel que vai al\u00e9m da produ\u00e7\u00e3o de mel, com impacto direto na produtividade agr\u00edcola.&#13;\n<\/p>\n<p style=\"text-align:justify\">Nas lavouras brasileiras, essa contribui\u00e7\u00e3o tem sido confirmada por pesquisas. A <a href=\"https:\/\/www.agrolink.com.br\/culturas\/soja?utm_source=agrolink-detalhe-noticia&amp;utm_medium=detalhe-noticia&amp;utm_campaign=links-internos\" target=\"_blank\" rel=\"noopener\">soja<\/a>, embora n\u00e3o seja uma planta mel\u00edfera cl\u00e1ssica, mostrou ganhos expressivos quando cultivada em \u00e1reas com presen\u00e7a de abelhas. Um estudo conduzido pela BASF Solu\u00e7\u00f5es para Agricultura, em parceria com a Embrapa e o Senar, apontou aumento de at\u00e9 13% na produtividade.<\/p>\n<p style=\"text-align:justify\">A partir dessa iniciativa, foi validado um protocolo de Boas Pr\u00e1ticas Agr\u00edcolas e Ap\u00edcolas, que orienta a integra\u00e7\u00e3o entre agricultores e apicultores. Como resultado, foi elaborada a cartilha gratuita \u201cBoas pr\u00e1ticas para integra\u00e7\u00e3o entre apicultura e sojicultura\u201d, com recomenda\u00e7\u00f5es sobre comunica\u00e7\u00e3o entre produtores, manejo de colmeias e aten\u00e7\u00e3o aos hor\u00e1rios de aplica\u00e7\u00e3o de defensivos. O objetivo \u00e9 promover uma conviv\u00eancia adequada entre as atividades.&#13;\n<\/p>\n<p style=\"text-align:justify\">Os resultados pr\u00e1ticos tamb\u00e9m foram observados por apicultores. O ga\u00facho Aldo Machado relatou ganhos acima da m\u00e9dia nacional em seus api\u00e1rios instalados pr\u00f3ximos \u00e0s planta\u00e7\u00f5es de soja. &#8220;N\u00f3s tivemos api\u00e1rios que deram mais de 50kg s\u00f3 na soja, o que representa duas vezes a m\u00e9dia nacional. E \u00e9 um mel de qualidade, de dif\u00edcil cristaliza\u00e7\u00e3o, bem arom\u00e1tico e claro. Ou seja, um mel excelente para mesa\u201d, afirmou. Para ele, o di\u00e1logo entre agricultores e apicultores e o manejo adequado dos defensivos resultam em benef\u00edcios para todos. &#8220;\u00c9 um neg\u00f3cio perfeito. Esse ano estou direcionando as abelhas mais para soja do que para o eucalipto\u201d, acrescentou.<\/p>\n<p style=\"text-align:justify\">A empresa destaca que os aprendizados obtidos servir\u00e3o como base para novos projetos. \u201cAl\u00e9m de manter o foco na conserva\u00e7\u00e3o dos polinizadores, queremos ampliar nosso impacto com iniciativas educacionais que fortale\u00e7am a conscientiza\u00e7\u00e3o ambiental nas comunidades agr\u00edcolas\u201d, disse Camila Leonelli, gerente s\u00eanior de Estrat\u00e9gia de Sustentabilidade da empresa.&#13;\n<\/p>\n<\/p><\/div>\n<\/p><\/div>\n<p><script data-cfasync=\"false\">\n    !function (f, b, e, v, n, t, s) {\n        if (f.fbq) return; n = f.fbq = function () {\n            n.callMethod ?\n                n.callMethod.apply(n, arguments) : n.queue.push(arguments)\n        };\n        if (!f._fbq) f._fbq = n; n.push = n; n.loaded = !0; n.version = '2.0';\n        n.queue = []; t = b.createElement(e); t.async = !0;\n        t.src = v; s = b.getElementsByTagName(e)[0];\n        s.parentNode.insertBefore(t, s)\n    }(window, document, 'script',\n        'https:\/\/connect.facebook.net\/en_US\/fbevents.js');\n    fbq('init', '522546078623747');\n    fbq('track', 'PageView');\n<\/script><br \/>\n<br \/><br \/>\n<br \/><a href=\"https:\/\/www.agrolink.com.br\/noticias\/soja-tem-ganho-de-ate-13--com-polinizacao-de-abelhas_506605.html\">Source link <\/a><\/p>\n","protected":false},"excerpt":{"rendered":"<p>&#13; Estudo confirma impacto das abelhas na sojicultura&#13; &#13; Agrolink&#13; &#13; &#8211; Seane Lennon&#13; &#13; Publicado em 03\/10\/2025 \u00e0s 10:46h.<\/p>\n","protected":false},"author":1,"featured_media":21428,"comment_status":"open","ping_status":"open","sticky":false,"template":"","format":"standard","meta":{"_monsterinsights_skip_tracking":false,"_monsterinsights_sitenote_active":false,"_monsterinsights_sitenote_note":"","_monsterinsights_sitenote_category":0,"_uf_show_specific_survey":0,"_uf_disable_surveys":false,"footnotes":""},"categories":[8,1,14],"tags":[],"class_list":["post-21427","post","type-post","status-publish","format-standard","has-post-thumbnail","hentry","category-agro","category-news","category-politica-agro"],"_links":{"self":[{"href":"https:\/\/agromt.news\/index.php?rest_route=\/wp\/v2\/posts\/21427"}],"collection":[{"href":"https:\/\/agromt.news\/index.php?rest_route=\/wp\/v2\/posts"}],"about":[{"href":"https:\/\/agromt.news\/index.php?rest_route=\/wp\/v2\/types\/post"}],"author":[{"embeddable":true,"href":"https:\/\/agromt.news\/index.php?rest_route=\/wp\/v2\/users\/1"}],"replies":[{"embeddable":true,"href":"https:\/\/agromt.news\/index.php?rest_route=%2Fwp%2Fv2%2Fcomments&post=21427"}],"version-history":[{"count":0,"href":"https:\/\/agromt.news\/index.php?rest_route=\/wp\/v2\/posts\/21427\/revisions"}],"wp:featuredmedia":[{"embeddable":true,"href":"https:\/\/agromt.news\/index.php?rest_route=\/wp\/v2\/media\/21428"}],"wp:attachment":[{"href":"https:\/\/agromt.news\/index.php?rest_route=%2Fwp%2Fv2%2Fmedia&parent=21427"}],"wp:term":[{"taxonomy":"category","embeddable":true,"href":"https:\/\/agromt.news\/index.php?rest_route=%2Fwp%2Fv2%2Fcategories&post=21427"},{"taxonomy":"post_tag","embeddable":true,"href":"https:\/\/agromt.news\/index.php?rest_route=%2Fwp%2Fv2%2Ftags&post=21427"}],"curies":[{"name":"wp","href":"https:\/\/api.w.org\/{rel}","templated":true}]}}