{"id":21425,"date":"2025-10-03T17:10:27","date_gmt":"2025-10-03T21:10:27","guid":{"rendered":"https:\/\/agromt.news\/?p=21425"},"modified":"2025-10-03T17:10:27","modified_gmt":"2025-10-03T21:10:27","slug":"precos-globais-de-alimentos-tem-leve-retracao-em-setembro","status":"publish","type":"post","link":"https:\/\/agromt.news\/?p=21425","title":{"rendered":"Pre\u00e7os globais de alimentos t\u00eam leve retra\u00e7\u00e3o em setembro"},"content":{"rendered":"<p> <br \/>\n<br \/><img decoding=\"async\" src=\"https:\/\/agromt.news\/wp-content\/uploads\/2025\/04\/Produtores-catarinentes-receberao-R-4-milhoes-para-producao-de-cereais.jpg\" \/><\/p>\n<div>\n<p>O \u00cdndice de Pre\u00e7os de Alimentos da Organiza\u00e7\u00e3o das Na\u00e7\u00f5es Unidas para Agricultura e Alimenta\u00e7\u00e3o (<a href=\"https:\/\/www.canalrural.com.br\/tag\/fao\/\">FAO<\/a>) recuou 0,69% em setembro, passando de 129,7 pontos em agosto para 128,8 pontos. A redu\u00e7\u00e3o mensal refletiu principalmente quedas nos sub\u00edndices de cereais, \u00f3leos vegetais, a\u00e7\u00facar e produtos l\u00e1cteos, que superaram a valoriza\u00e7\u00e3o registrada pela carne.<\/p>\n<p>No entanto, o indicador ainda est\u00e1 3,4% acima do n\u00edvel registrado em setembro do ano passado, embora continue 19,6% abaixo do pico observado em mar\u00e7o de 2022.<\/p>\n<h3 class=\"wp-block-heading\" id=\"h-cereais-trigo-e-milho-pressionam-indice\">Cereais: trigo e milho pressionam \u00edndice<\/h3>\n<p>O \u00edndice de cereais caiu 0,6% em setembro, para 105 pontos, e est\u00e1 7,5% abaixo do mesmo per\u00edodo de 2024. O trigo registrou queda pelo terceiro m\u00eas seguido, pressionado pela demanda internacional fraca e colheitas abundantes na R\u00fassia, na Europa e na Am\u00e9rica do Norte.<\/p>\n<p>O milho tamb\u00e9m perdeu for\u00e7a diante da expectativa de oferta elevada no Brasil e nos Estados Unidos, al\u00e9m da suspens\u00e3o tempor\u00e1ria do imposto de exporta\u00e7\u00e3o na Argentina. Por outro lado, cevada e sorgo avan\u00e7aram, enquanto o arroz recuou 0,5%, refletindo ampla oferta export\u00e1vel e menor procura de pa\u00edses como Filipinas e mercados africanos.<\/p>\n<h3 class=\"wp-block-heading\" id=\"h-oleos-vegetais-e-acucar-recuam\">\u00d3leos vegetais e a\u00e7\u00facar recuam<\/h3>\n<p>O \u00edndice de \u00f3leos vegetais caiu 0,7% no m\u00eas, para 167,9 pontos, com destaque para a baixa do \u00f3leo de palma e do \u00f3leo de soja. O recuo do \u00f3leo de palma foi influenciado pelo aumento inesperado dos estoques na Mal\u00e1sia, no maior n\u00edvel em 20 meses. J\u00e1 a soja sofreu press\u00e3o pela maior disponibilidade argentina. Em contraste, \u00f3leos de girassol e colza registraram ligeira valoriza\u00e7\u00e3o.<\/p>\n<p>O a\u00e7\u00facar registrou a maior queda mensal do \u00edndice, caindo 4,1% em setembro e atingindo 99,4 pontos, menor n\u00edvel desde mar\u00e7o de 2021. A produ\u00e7\u00e3o acima do esperado no Brasil, aliada a colheitas favor\u00e1veis na \u00cdndia e Tail\u00e2ndia, pressionou o pre\u00e7o internacional para baixo.<\/p>\n<h3 class=\"wp-block-heading\" id=\"h-carnes-e-lacteos-movimentos-distintos\">Carnes e l\u00e1cteos: movimentos distintos<\/h3>\n<p>O \u00edndice de carnes subiu 0,7% em setembro, alcan\u00e7ando 127,8 pontos, recorde hist\u00f3rico, impulsionado pela valoriza\u00e7\u00e3o da carne bovina e ovina. Nos Estados Unidos, a demanda forte e a oferta restrita elevaram as importa\u00e7\u00f5es. No Brasil, houve alta nas cota\u00e7\u00f5es da carne bovina, apesar de tarifas adicionais no mercado norte-americano.<\/p>\n<p>Em contraste, o \u00edndice de l\u00e1cteos caiu 2,6%, para 148,3 pontos, influenciado pela queda nos pre\u00e7os da manteiga, leite em p\u00f3 desnatado e integral. Nesse sentido, o recuo reflete aumento sazonal da oferta de creme no Hemisf\u00e9rio Norte e expectativa de produ\u00e7\u00e3o maior na Nova Zel\u00e2ndia.<\/p>\n<\/p><\/div>\n<p><br \/>\n<br \/><a href=\"https:\/\/www.canalrural.com.br\/agricultura\/agronegocio\/precos-globais-de-alimentos-tem-leve-retracao-em-setembro\/\">Source link <\/a><\/p>\n","protected":false},"excerpt":{"rendered":"<p>O \u00cdndice de Pre\u00e7os de Alimentos da Organiza\u00e7\u00e3o das Na\u00e7\u00f5es Unidas para Agricultura e Alimenta\u00e7\u00e3o (FAO) recuou 0,69% em setembro,<\/p>\n","protected":false},"author":1,"featured_media":21426,"comment_status":"open","ping_status":"open","sticky":false,"template":"","format":"standard","meta":{"_monsterinsights_skip_tracking":false,"_monsterinsights_sitenote_active":false,"_monsterinsights_sitenote_note":"","_monsterinsights_sitenote_category":0,"_uf_show_specific_survey":0,"_uf_disable_surveys":false,"footnotes":""},"categories":[1],"tags":[],"class_list":["post-21425","post","type-post","status-publish","format-standard","has-post-thumbnail","hentry","category-news"],"_links":{"self":[{"href":"https:\/\/agromt.news\/index.php?rest_route=\/wp\/v2\/posts\/21425"}],"collection":[{"href":"https:\/\/agromt.news\/index.php?rest_route=\/wp\/v2\/posts"}],"about":[{"href":"https:\/\/agromt.news\/index.php?rest_route=\/wp\/v2\/types\/post"}],"author":[{"embeddable":true,"href":"https:\/\/agromt.news\/index.php?rest_route=\/wp\/v2\/users\/1"}],"replies":[{"embeddable":true,"href":"https:\/\/agromt.news\/index.php?rest_route=%2Fwp%2Fv2%2Fcomments&post=21425"}],"version-history":[{"count":0,"href":"https:\/\/agromt.news\/index.php?rest_route=\/wp\/v2\/posts\/21425\/revisions"}],"wp:featuredmedia":[{"embeddable":true,"href":"https:\/\/agromt.news\/index.php?rest_route=\/wp\/v2\/media\/21426"}],"wp:attachment":[{"href":"https:\/\/agromt.news\/index.php?rest_route=%2Fwp%2Fv2%2Fmedia&parent=21425"}],"wp:term":[{"taxonomy":"category","embeddable":true,"href":"https:\/\/agromt.news\/index.php?rest_route=%2Fwp%2Fv2%2Fcategories&post=21425"},{"taxonomy":"post_tag","embeddable":true,"href":"https:\/\/agromt.news\/index.php?rest_route=%2Fwp%2Fv2%2Ftags&post=21425"}],"curies":[{"name":"wp","href":"https:\/\/api.w.org\/{rel}","templated":true}]}}