{"id":21423,"date":"2025-10-03T16:38:35","date_gmt":"2025-10-03T20:38:35","guid":{"rendered":"https:\/\/agromt.news\/?p=21423"},"modified":"2025-10-03T16:38:35","modified_gmt":"2025-10-03T20:38:35","slug":"setor-de-frango-no-brasil-da-volta-por-cima-e-se-prepara-para-fechar-2025-em-crescimento","status":"publish","type":"post","link":"https:\/\/agromt.news\/?p=21423","title":{"rendered":"Setor de frango no Brasil d\u00e1 volta por cima e se prepara para fechar 2025 em crescimento"},"content":{"rendered":"<p> <br \/>\n<\/p>\n<div>\n<p>A avicultura de corte se deparou com um grande desafio em 2025, o primeiro foco de influenza avi\u00e1ria de alta patogenicidade em uma granja comercial no pa\u00eds. O principal exportador de <strong><a href=\"https:\/\/www.canalrural.com.br\/aves-e-suinos\/\">carne de frango<\/a><\/strong> do mundo se deparou com embargos sequenciais. O trabalho conduzido por todos os elos que comp\u00f5em o setor foi exemplar, e do ponto de vista da sanidade animal a quest\u00e3o foi rapidamente superada. <\/p>\n<p>Um a um os embargos foram superados, com o pa\u00eds aos poucos retomando o fluxo normal de embarques. No momento, dentre os grandes compradores de carne de frango brasileira resta apenas a retomada dos embarques \u00e0 China. A boa not\u00edcia \u00e9 que uma miss\u00e3o chinesa inspecionou o sistema produtivo brasileiro e a retomada est\u00e1 cada vez mais pr\u00f3xima. <\/p>\n<p>O mercado dom\u00e9stico foi de extrema import\u00e2ncia no processo de recupera\u00e7\u00e3o dos pre\u00e7os dos principais cortes no atacado em S\u00e3o Paulo. No decorrer de setembro foram evidenciadas altas consistentes do frango inteiro congelado, peito, coxa, asa, entre outros cortes. A maior competitividade da carne de frango direcionou o consumidor brasileiro a essa prote\u00edna. Algo bastante compreens\u00edvel em uma popula\u00e7\u00e3o que ainda conta com baixo poder de compra.<\/p>\n<figure class=\"wp-block-image size-large\"><img fetchpriority=\"high\" decoding=\"async\" width=\"1024\" height=\"576\" src=\"https:\/\/agromt.news\/wp-content\/uploads\/2025\/10\/Setor-de-frango-no-Brasil-da-volta-por-cima-e.jpg\" alt=\"\" class=\"wp-image-4127524\"  \/><\/figure>\n<p>Para o \u00faltimo trimestre que est\u00e1 se iniciando a expectativa \u00e9 favor\u00e1vel, com a tend\u00eancia de retomada aos n\u00edveis normais de exporta\u00e7\u00e3o (acima de 400 mil toneladas mensais). Al\u00e9m disso, o mercado dom\u00e9stico tamb\u00e9m se aquece com a entrada do 13\u00ba sal\u00e1rio, cria\u00e7\u00e3o de postos tempor\u00e1rios de emprego e as tradicionais confraterniza\u00e7\u00f5es de final de ano. <\/p>\n<p>A avicultura de corte brasileira mostrou resili\u00eancia, superando a quest\u00e3o da influenza avi\u00e1ria de alta patogenicidade. No entanto, \u00e9 muito importante para o setor que as autoridades brasileiras sigam negociando os protocolos sanit\u00e1rios, dessa forma esse tipo de ocorr\u00eancia n\u00e3o trar\u00e1 consequ\u00eancias t\u00e3o graves para o pa\u00eds que mais leva a s\u00e9rio a sanidade animal em escala mundial.<\/p>\n<div class=\"wp-block-media-text is-stacked-on-mobile\">\n<figure class=\"wp-block-media-text__media\"><img decoding=\"async\" width=\"473\" height=\"473\" src=\"https:\/\/agromt.news\/wp-content\/uploads\/2025\/10\/Setor-de-frango-no-Brasil-da-volta-por-cima-e.png\" alt=\"\" class=\"wp-image-4127520 size-full\"  \/><\/figure>\n<div class=\"wp-block-media-text__content\">\n<p><strong>*Fernando Henrique Iglesias<\/strong> <em>\u00e9 coordenador do departamento de An\u00e1lise de <a href=\"https:\/\/safras.com.br\/\">Safras &amp; Mercado<\/a>, com especialidade no setor de carnes (boi, frango e su\u00edno)<\/em><\/p>\n<\/div>\n<\/div><\/div>\n<p><br \/>\n<br \/><a href=\"https:\/\/www.canalrural.com.br\/opiniao-noticias\/setor-de-frango-no-brasil-da-volta-por-cima-e-se-prepara-para-fechar-2025-em-crescimento\/\">Source link <\/a><\/p>\n","protected":false},"excerpt":{"rendered":"<p>A avicultura de corte se deparou com um grande desafio em 2025, o primeiro foco de influenza avi\u00e1ria de alta<\/p>\n","protected":false},"author":1,"featured_media":19324,"comment_status":"open","ping_status":"open","sticky":false,"template":"","format":"standard","meta":{"_monsterinsights_skip_tracking":false,"_monsterinsights_sitenote_active":false,"_monsterinsights_sitenote_note":"","_monsterinsights_sitenote_category":0,"_uf_show_specific_survey":0,"_uf_disable_surveys":false,"footnotes":""},"categories":[1],"tags":[],"class_list":["post-21423","post","type-post","status-publish","format-standard","has-post-thumbnail","hentry","category-news"],"_links":{"self":[{"href":"https:\/\/agromt.news\/index.php?rest_route=\/wp\/v2\/posts\/21423"}],"collection":[{"href":"https:\/\/agromt.news\/index.php?rest_route=\/wp\/v2\/posts"}],"about":[{"href":"https:\/\/agromt.news\/index.php?rest_route=\/wp\/v2\/types\/post"}],"author":[{"embeddable":true,"href":"https:\/\/agromt.news\/index.php?rest_route=\/wp\/v2\/users\/1"}],"replies":[{"embeddable":true,"href":"https:\/\/agromt.news\/index.php?rest_route=%2Fwp%2Fv2%2Fcomments&post=21423"}],"version-history":[{"count":0,"href":"https:\/\/agromt.news\/index.php?rest_route=\/wp\/v2\/posts\/21423\/revisions"}],"wp:featuredmedia":[{"embeddable":true,"href":"https:\/\/agromt.news\/index.php?rest_route=\/wp\/v2\/media\/19324"}],"wp:attachment":[{"href":"https:\/\/agromt.news\/index.php?rest_route=%2Fwp%2Fv2%2Fmedia&parent=21423"}],"wp:term":[{"taxonomy":"category","embeddable":true,"href":"https:\/\/agromt.news\/index.php?rest_route=%2Fwp%2Fv2%2Fcategories&post=21423"},{"taxonomy":"post_tag","embeddable":true,"href":"https:\/\/agromt.news\/index.php?rest_route=%2Fwp%2Fv2%2Ftags&post=21423"}],"curies":[{"name":"wp","href":"https:\/\/api.w.org\/{rel}","templated":true}]}}