{"id":21419,"date":"2025-10-03T15:53:02","date_gmt":"2025-10-03T19:53:02","guid":{"rendered":"https:\/\/agromt.news\/?p=21419"},"modified":"2025-10-03T15:53:02","modified_gmt":"2025-10-03T19:53:02","slug":"exportacao-mundial-de-cafe-registra-queda-de-quase-4","status":"publish","type":"post","link":"https:\/\/agromt.news\/?p=21419","title":{"rendered":"Exporta\u00e7\u00e3o mundial de caf\u00e9 registra queda de quase 4%"},"content":{"rendered":"<p> <br \/>\n<br \/><img decoding=\"async\" src=\"https:\/\/agromt.news\/wp-content\/uploads\/2025\/05\/Cafe-tem-queda-brusca-na-media-de-precos-no-mes.jpg\" \/><\/p>\n<div>\n<p>A exporta\u00e7\u00e3o mundial de caf\u00e9 alcan\u00e7ou 11,35 milh\u00f5es de sacas de 60 kg em agosto, o 11\u00ba m\u00eas da safra 2024\/25. O volume corresponde a uma redu\u00e7\u00e3o de 3,73% na compara\u00e7\u00e3o com o mesmo m\u00eas do ano passado (11,79 milh\u00f5es de sacas). Os n\u00fameros fazem parte de relat\u00f3rio mensal da Organiza\u00e7\u00e3o Internacional do Caf\u00e9 (<a href=\"https:\/\/www.canalrural.com.br\/tag\/oic\/\">OIC<\/a>).<\/p>\n<p>Divulgado nesta sexta-feira (3), o relat\u00f3rio aponta que no acumulado dos 11 meses do ano comercial, os embarques somaram 127,92 milh\u00f5es de sacas, alta de 0,2% ante igual per\u00edodo do ciclo 2023\/24, quando totalizaram 127,68 milh\u00f5es de sacas.<\/p>\n<p>Nos 12 meses encerrados em agosto de 2025, a exporta\u00e7\u00e3o de ar\u00e1bica totalizou 84,77 milh\u00f5es de sacas, ante 83,62 milh\u00f5es de sacas em igual per\u00edodo do ano anterior, aumento de 1,38%. Por outro lado, o embarque de robusta aumentou 2,35% na mesma compara\u00e7\u00e3o, de 53,19 milh\u00f5es para 54,44 milh\u00f5es de sacas.<\/p>\n<\/p><\/div>\n<p><br \/>\n<br \/><a href=\"https:\/\/www.canalrural.com.br\/agricultura\/cafe\/oic-exportacao-mundial-de-cafe-em-agosto-cai-373-a-1135-milhoes-de-sacas\/\">Source link <\/a><\/p>\n","protected":false},"excerpt":{"rendered":"<p>A exporta\u00e7\u00e3o mundial de caf\u00e9 alcan\u00e7ou 11,35 milh\u00f5es de sacas de 60 kg em agosto, o 11\u00ba m\u00eas da safra<\/p>\n","protected":false},"author":1,"featured_media":13388,"comment_status":"open","ping_status":"open","sticky":false,"template":"","format":"standard","meta":{"_monsterinsights_skip_tracking":false,"_monsterinsights_sitenote_active":false,"_monsterinsights_sitenote_note":"","_monsterinsights_sitenote_category":0,"_uf_show_specific_survey":0,"_uf_disable_surveys":false,"footnotes":""},"categories":[1],"tags":[],"class_list":["post-21419","post","type-post","status-publish","format-standard","has-post-thumbnail","hentry","category-news"],"_links":{"self":[{"href":"https:\/\/agromt.news\/index.php?rest_route=\/wp\/v2\/posts\/21419"}],"collection":[{"href":"https:\/\/agromt.news\/index.php?rest_route=\/wp\/v2\/posts"}],"about":[{"href":"https:\/\/agromt.news\/index.php?rest_route=\/wp\/v2\/types\/post"}],"author":[{"embeddable":true,"href":"https:\/\/agromt.news\/index.php?rest_route=\/wp\/v2\/users\/1"}],"replies":[{"embeddable":true,"href":"https:\/\/agromt.news\/index.php?rest_route=%2Fwp%2Fv2%2Fcomments&post=21419"}],"version-history":[{"count":0,"href":"https:\/\/agromt.news\/index.php?rest_route=\/wp\/v2\/posts\/21419\/revisions"}],"wp:featuredmedia":[{"embeddable":true,"href":"https:\/\/agromt.news\/index.php?rest_route=\/wp\/v2\/media\/13388"}],"wp:attachment":[{"href":"https:\/\/agromt.news\/index.php?rest_route=%2Fwp%2Fv2%2Fmedia&parent=21419"}],"wp:term":[{"taxonomy":"category","embeddable":true,"href":"https:\/\/agromt.news\/index.php?rest_route=%2Fwp%2Fv2%2Fcategories&post=21419"},{"taxonomy":"post_tag","embeddable":true,"href":"https:\/\/agromt.news\/index.php?rest_route=%2Fwp%2Fv2%2Ftags&post=21419"}],"curies":[{"name":"wp","href":"https:\/\/api.w.org\/{rel}","templated":true}]}}