{"id":21414,"date":"2025-10-03T15:02:59","date_gmt":"2025-10-03T19:02:59","guid":{"rendered":"https:\/\/agromt.news\/?p=21414"},"modified":"2025-10-03T15:02:59","modified_gmt":"2025-10-03T19:02:59","slug":"bahia-tem-registro-de-morte-suspeita-por-intoxicacao-de-metanol","status":"publish","type":"post","link":"https:\/\/agromt.news\/?p=21414","title":{"rendered":"Bahia tem registro de morte suspeita por intoxica\u00e7\u00e3o de metanol"},"content":{"rendered":"<p> <br \/>\n<br \/><img decoding=\"async\" src=\"https:\/\/agromt.news\/wp-content\/uploads\/2025\/09\/Sao-Paulo-confirma-terceira-morte-por-ingestao-de-bebida-adulterada.jpg\" \/><\/p>\n<div>\n<p>Uma morte ocorrida em Feira de Santana, na Bahia, pode ter sido causada por intoxica\u00e7\u00e3o de metanol, segundo autoridades da sa\u00fade municipal e estadual. O homem de 56 anos teria ido a \u00f3bito na madrugada desta sexta-feira (3), ap\u00f3s ter dado entrada na UPA da Queimadinha, localizada naquele munic\u00edpio.<\/p>\n<p>Em nota, o governo baiano informou que o caso ser\u00e1 acompanhado pelas equipes de vigil\u00e2ncia local e estadual, em a\u00e7\u00f5es de monitoramento e investiga\u00e7\u00e3o que contar\u00e3o com o apoio de autoridades da \u00e1rea de seguran\u00e7a p\u00fablica estadual.<\/p>\n<p>\u201cAmostras biol\u00f3gicas ser\u00e3o coletadas e encaminhadas para an\u00e1lise laboratorial, com resultado previsto em at\u00e9 sete dias, a fim de confirmar ou descartar a hip\u00f3tese de intoxica\u00e7\u00e3o\u201d, informou, por meio de nota, o governo da Bahia \u2013 que est\u00e1 em \u201cdi\u00e1logo permanente com o Minist\u00e9rio da Sa\u00fade e com as autoridades sanit\u00e1rias nacionais\u201d para monitorar a situa\u00e7\u00e3o em outros estados.<\/p>\n<h2 class=\"wp-block-heading\" id=\"h-casos-suspeitos\">Casos suspeitos<\/h2>\n<p>At\u00e9 a tarde de quinta-feira (2), o Brasil havia registrado 48 casos suspeitos de intoxica\u00e7\u00e3o por metanol. Outros 11 casos j\u00e1 haviam sido confirmados por meio de detec\u00e7\u00e3o laboratorial pelo Centro de Informa\u00e7\u00f5es Estrat\u00e9gicas e Resposta de Vigil\u00e2ncia em Sa\u00fade (Cievs), segundo a Sala de Situa\u00e7\u00e3o instalada pelo governo federal.<\/p>\n<p>O ministro da Sa\u00fade, Alexandre Padilha, chegou a confirmar 12\u00ba caso em Bras\u00edlia, mas o minist\u00e9rio, depois, recuou e informou que o caso do rapper Hungria ainda \u00e9 contabilizado como suspeito.<\/p>\n<p>Apenas uma morte decorrente desse tipo de intoxica\u00e7\u00e3o foi confirmada pelo Minist\u00e9rio da Sa\u00fade no estado de S\u00e3o Paulo. Mais sete \u00f3bitos seguem em investiga\u00e7\u00e3o, sendo dois em Pernambuco e os outros cinco tamb\u00e9m em S\u00e3o Paulo.<\/p>\n<h2 class=\"wp-block-heading\" id=\"h-emergencia-medica\">Emerg\u00eancia m\u00e9dica<\/h2>\n<p>A intoxica\u00e7\u00e3o por metanol \u00e9 uma emerg\u00eancia m\u00e9dica de extrema gravidade. A subst\u00e2ncia, quando ingerida, \u00e9 metabolizada no organismo em produtos t\u00f3xicos (como formalde\u00eddo e \u00e1cido f\u00f3rmico), que podem levar \u00e0 morte.<\/p>\n<p>Os principais sintomas da intoxica\u00e7\u00e3o s\u00e3o: vis\u00e3o turva ou perda de vis\u00e3o (podendo chegar \u00e0 cegueira) e mal-estar generalizado (n\u00e1useas, v\u00f4mitos, dores abdominais, sudorese).<br \/>Em caso de identifica\u00e7\u00e3o dos sintomas, buscar imediatamente os servi\u00e7os de emerg\u00eancia m\u00e9dica e contatar pelo menos uma das institui\u00e7\u00f5es a seguir:<\/p>\n<ul class=\"wp-block-list\">\n<li>Disque-Intoxica\u00e7\u00e3o da Anvisa: 0800 722 6001;<\/li>\n<li>CIATox da sua cidade para orienta\u00e7\u00e3o especializada (veja lista aqui);<\/li>\n<li>Centro de Controle de Intoxica\u00e7\u00f5es de S\u00e3o Paulo (CCI): (11) 5012-5311 ou 0800-771-3733 \u2013 de qualquer lugar do pa\u00eds;<\/li>\n<\/ul>\n<p>\u00c9 importante identificar e orientar poss\u00edveis contatos que tenham consumido a mesma bebida, recomendando que procurem imediatamente um servi\u00e7o de sa\u00fade para avalia\u00e7\u00e3o e tratamento adequado. A demora no atendimento e na identifica\u00e7\u00e3o da intoxica\u00e7\u00e3o aumenta a probabilidade do desfecho mais grave, com o \u00f3bito do paciente.<\/p>\n<\/p><\/div>\n<p><br \/>\n<br \/><a href=\"https:\/\/www.canalrural.com.br\/nacional\/bahia-tem-registro-de-morte-suspeita-por-intoxicacao-de-metanol\/\">Source link <\/a><\/p>\n","protected":false},"excerpt":{"rendered":"<p>Uma morte ocorrida em Feira de Santana, na Bahia, pode ter sido causada por intoxica\u00e7\u00e3o de metanol, segundo autoridades da<\/p>\n","protected":false},"author":1,"featured_media":21080,"comment_status":"open","ping_status":"open","sticky":false,"template":"","format":"standard","meta":{"_monsterinsights_skip_tracking":false,"_monsterinsights_sitenote_active":false,"_monsterinsights_sitenote_note":"","_monsterinsights_sitenote_category":0,"_uf_show_specific_survey":0,"_uf_disable_surveys":false,"footnotes":""},"categories":[1],"tags":[],"class_list":["post-21414","post","type-post","status-publish","format-standard","has-post-thumbnail","hentry","category-news"],"_links":{"self":[{"href":"https:\/\/agromt.news\/index.php?rest_route=\/wp\/v2\/posts\/21414"}],"collection":[{"href":"https:\/\/agromt.news\/index.php?rest_route=\/wp\/v2\/posts"}],"about":[{"href":"https:\/\/agromt.news\/index.php?rest_route=\/wp\/v2\/types\/post"}],"author":[{"embeddable":true,"href":"https:\/\/agromt.news\/index.php?rest_route=\/wp\/v2\/users\/1"}],"replies":[{"embeddable":true,"href":"https:\/\/agromt.news\/index.php?rest_route=%2Fwp%2Fv2%2Fcomments&post=21414"}],"version-history":[{"count":0,"href":"https:\/\/agromt.news\/index.php?rest_route=\/wp\/v2\/posts\/21414\/revisions"}],"wp:featuredmedia":[{"embeddable":true,"href":"https:\/\/agromt.news\/index.php?rest_route=\/wp\/v2\/media\/21080"}],"wp:attachment":[{"href":"https:\/\/agromt.news\/index.php?rest_route=%2Fwp%2Fv2%2Fmedia&parent=21414"}],"wp:term":[{"taxonomy":"category","embeddable":true,"href":"https:\/\/agromt.news\/index.php?rest_route=%2Fwp%2Fv2%2Fcategories&post=21414"},{"taxonomy":"post_tag","embeddable":true,"href":"https:\/\/agromt.news\/index.php?rest_route=%2Fwp%2Fv2%2Ftags&post=21414"}],"curies":[{"name":"wp","href":"https:\/\/api.w.org\/{rel}","templated":true}]}}