{"id":21410,"date":"2025-10-03T14:05:32","date_gmt":"2025-10-03T18:05:32","guid":{"rendered":"https:\/\/agromt.news\/?p=21410"},"modified":"2025-10-03T14:05:32","modified_gmt":"2025-10-03T18:05:32","slug":"produtora-trouxe-receita-dos-alpes-ao-brasil","status":"publish","type":"post","link":"https:\/\/agromt.news\/?p=21410","title":{"rendered":"produtora trouxe receita dos Alpes ao Brasil"},"content":{"rendered":"<p> <br \/>\n<\/p>\n<div>\n<p>Soraya Taraban Mullen \u00e9 um exemplo de dedica\u00e7\u00e3o e paix\u00e3o pelo campo. H\u00e1 20 anos, a ex-enfermeira decidiu deixar o Brasil para viver na Su\u00ed\u00e7a, onde trabalhou e estudou sobre o setor agr\u00edcola. Foi l\u00e1 que se encantou pelo universo do leite cru e dos <a href=\"https:\/\/www.canalrural.com.br\/empreendedorismo\/queijo-de-guapo-go-conquista-3o-lugar-no-premio-promovido-pela-cna\/\">queijos artesanais<\/a>.<\/p>\n<p>\u201cMe apaixonei pelo leite cru e pelo queijo. Fui contratada duas vezes na Su\u00ed\u00e7a para fazer queijos e aprendi tudo sobre fermenta\u00e7\u00e3o e processos artesanais\u201d, conta a produtora.<\/p>\n<p>De volta ao Brasil, Mullen e o marido compraram uma propriedade em Minas Gerais e come\u00e7aram a colocar em pr\u00e1tica todo o conhecimento adquirido na Europa.<\/p>\n<p>\u201cNo in\u00edcio foi muito dif\u00edcil, porque n\u00e3o t\u00ednhamos acesso aos mesmos produtos que eu usava na Su\u00ed\u00e7a. Tive que adaptar tudo com os recursos que encontrei aqui no Brasil\u201d, afirma Mullen, ressaltando que a receita \u00e9 original, mas adaptada ao clima brasileiro.<\/p>\n<h2 class=\"wp-block-heading\" id=\"h-crescimento-e-legalizacao\">Crescimento e legaliza\u00e7\u00e3o<\/h2>\n<p>Com o objetivo de levar seu queijo de forma legal e segura a consumidores de todo o pa\u00eds, Mullen buscou apoio. <\/p>\n<p>\u201cSempre quis legalizar minha produ\u00e7\u00e3o. Primeiro conquistei o Sim \u2013 que \u00e9 a certifica\u00e7\u00e3o municipal \u2013 e eu fui organizando cada vez mais a queijeira, at\u00e9 que eu cheguei no Sisbi que \u00e9 o federal.\u201d<\/p>\n<p>Atualmente, o queijo artesanal produzido na propriedade dela e do marido \u00e9 o carro-chefe do neg\u00f3cio e, gra\u00e7as ao Sisbi, pode ser comercializado em todos os estados do Brasil.<\/p>\n<p>\u201c\u00c9 emocionante vender meu produto para o pa\u00eds inteiro\u201d, comemora Mullen, que recebeu o certificado do <a href=\"https:\/\/www.canalrural.com.br\/empreendedorismo\/produtor-paraibano-conquista-certificacao-e-abre-novos-mercados-para-o-mel\/\">Sisbi<\/a> em Florian\u00f3polis no m\u00eas de setembro. <\/p>\n<ul class=\"wp-block-list\">\n<li>Participe do Porteira Aberta Empreender: envie perguntas, sugest\u00f5es e conte a sua hist\u00f3ria de empreendedorismo pelo<a href=\"https:\/\/api.whatsapp.com\/send?phone=5511932796720&amp;PorteiraAbertaEmpreender=SuaMensagem\"> WhatsApp<\/a><\/li>\n<\/ul>\n<h2 class=\"wp-block-heading\" id=\"h-apoio-e-futuro\">Apoio e futuro<\/h2>\n<p>A produtora faz quest\u00e3o de destacar a import\u00e2ncia do apoio t\u00e9cnico e da capacita\u00e7\u00e3o para os pequenos empreendedores rurais. <\/p>\n<p>\u201c\u00c9 muito dif\u00edcil caminhar sozinho. Essa parceria [entre o <a href=\"https:\/\/sebrae.com.br\/sites\/PortalSebrae\/ufs\/mg?codUf=14\">Sebrae<\/a> e o Minist\u00e9rio da Agricultura e Pecu\u00e1ria com o projeto: Simples Assim: do pequeno para o Brasil \u2013 amplia\u00e7\u00e3o do Sisbi] permite que produtos de qualidade cheguem ao mercado e gerem renda de forma segura.\u201d<\/p>\n<h2 class=\"wp-block-heading\" id=\"h-porteira-aberta-empreender\"><strong>Porteira Aberta Empreender<\/strong><\/h2>\n<p>Quer saber mais sobre empreendedorismo? Assista ao programa <a href=\"https:\/\/www.canalrural.com.br\/empreendedorismo\/transforme-sua-propriedade-em-um-destino-turistico\/\"><strong>Porteira Aberta Empreender<\/strong>,<\/a> uma parceria entre o Sebrae e o Canal Rural, que traz dicas, orienta\u00e7\u00f5es e mostra hist\u00f3rias reais de micro e pequenos produtores de todo o pa\u00eds.<\/p>\n<figure class=\"wp-block-image size-full is-resized\"><img fetchpriority=\"high\" decoding=\"async\" width=\"1013\" height=\"1017\" alt=\"\" class=\"wp-image-4116505\" style=\"width:410px;height:auto\"  data-lazy- src=\"https:\/\/agromt.news\/wp-content\/uploads\/2025\/08\/tradicao-dos-queijos-artesanais-e-turismo-rural-em-Goias.png\"\/><img decoding=\"async\" width=\"1013\" height=\"1017\" src=\"https:\/\/agromt.news\/wp-content\/uploads\/2025\/08\/tradicao-dos-queijos-artesanais-e-turismo-rural-em-Goias.png\" alt=\"\" class=\"wp-image-4116505\" style=\"width:410px;height:auto\"  \/><figcaption class=\"wp-element-caption\">\u00c0s sextas-feiras, \u00e0s 18h, no Canal Rural. | Foto: Arte Divulga\u00e7\u00e3o<\/figcaption><\/figure>\n<\/p><\/div>\n<p><br \/>\n<br \/><a href=\"https:\/\/www.canalrural.com.br\/empreendedorismo\/da-suica-para-minas-produtora-trouxe-receita-dos-alpes-suicos-ao-brasil\/\">Source link <\/a><\/p>\n","protected":false},"excerpt":{"rendered":"<p>Soraya Taraban Mullen \u00e9 um exemplo de dedica\u00e7\u00e3o e paix\u00e3o pelo campo. H\u00e1 20 anos, a ex-enfermeira decidiu deixar o<\/p>\n","protected":false},"author":1,"featured_media":21411,"comment_status":"open","ping_status":"open","sticky":false,"template":"","format":"standard","meta":{"_monsterinsights_skip_tracking":false,"_monsterinsights_sitenote_active":false,"_monsterinsights_sitenote_note":"","_monsterinsights_sitenote_category":0,"_uf_show_specific_survey":0,"_uf_disable_surveys":false,"footnotes":""},"categories":[1],"tags":[],"class_list":["post-21410","post","type-post","status-publish","format-standard","has-post-thumbnail","hentry","category-news"],"_links":{"self":[{"href":"https:\/\/agromt.news\/index.php?rest_route=\/wp\/v2\/posts\/21410"}],"collection":[{"href":"https:\/\/agromt.news\/index.php?rest_route=\/wp\/v2\/posts"}],"about":[{"href":"https:\/\/agromt.news\/index.php?rest_route=\/wp\/v2\/types\/post"}],"author":[{"embeddable":true,"href":"https:\/\/agromt.news\/index.php?rest_route=\/wp\/v2\/users\/1"}],"replies":[{"embeddable":true,"href":"https:\/\/agromt.news\/index.php?rest_route=%2Fwp%2Fv2%2Fcomments&post=21410"}],"version-history":[{"count":0,"href":"https:\/\/agromt.news\/index.php?rest_route=\/wp\/v2\/posts\/21410\/revisions"}],"wp:featuredmedia":[{"embeddable":true,"href":"https:\/\/agromt.news\/index.php?rest_route=\/wp\/v2\/media\/21411"}],"wp:attachment":[{"href":"https:\/\/agromt.news\/index.php?rest_route=%2Fwp%2Fv2%2Fmedia&parent=21410"}],"wp:term":[{"taxonomy":"category","embeddable":true,"href":"https:\/\/agromt.news\/index.php?rest_route=%2Fwp%2Fv2%2Fcategories&post=21410"},{"taxonomy":"post_tag","embeddable":true,"href":"https:\/\/agromt.news\/index.php?rest_route=%2Fwp%2Fv2%2Ftags&post=21410"}],"curies":[{"name":"wp","href":"https:\/\/api.w.org\/{rel}","templated":true}]}}