{"id":21409,"date":"2025-10-03T13:27:43","date_gmt":"2025-10-03T17:27:43","guid":{"rendered":"https:\/\/agromt.news\/?p=21409"},"modified":"2025-10-03T13:27:43","modified_gmt":"2025-10-03T17:27:43","slug":"campanha-de-sazonalidade-da-uva-reforca-qualidade","status":"publish","type":"post","link":"https:\/\/agromt.news\/?p=21409","title":{"rendered":"Campanha de sazonalidade da uva refor\u00e7a qualidade"},"content":{"rendered":"<p> <br \/>\n<\/p>\n<div>\n<div class=\"row\">\n<div class=\"col-lg col-infos mt-0 mt-lg-0\">\n<div class=\"section-sub-title\">\n<p itemprop=\"description\">&#13;<br \/>\n                                \u201cQueremos mostrar ao consumidor brasileiro a versatilidade e os benef\u00edcios da uva&#8221;&#13;\n                            <\/p>\n<\/p><\/div>\n<div class=\"container\">\n<div class=\"row\">\n<div class=\"col-lg p-0\">\n<div>\n<div class=\"block-news-main-infos mt-3 text-start\">\n<p>                                            <strong class=\"fn\" itemprop=\"author\" style=\"color: rgb(112, 112, 112); \">&#13;<br \/>\n                                                <a href=\"https:\/\/www.agrolink.com.br\/noticias\/javascript:;\" class=\"text-uppercase\" target=\"_blank\" style=\"color: rgb(112, 112, 112); \" rel=\"noopener\">Agrolink<\/a>&#13;<br \/>\n&#13;<br \/>\n                                                    &#8211; Leonardo Gottems&#13;<br \/>\n&#13;<br \/>\n                                            <\/strong><br \/>\n                                        <\/p>\n<p>                                            <abbr><time datetime=\"2025 - 10 - 03T13:31\" itemprop=\"datePublished dateModified\"> Publicado em 03\/10\/2025 \u00e0s 13:31h.<\/time><\/abbr>\n                                    <\/div>\n<\/p><\/div>\n<\/p><\/div>\n<div class=\"col-lg p-0 text-lg-end\">\n<div>\n<div id=\"mdEnviarPagina\" class=\"modal fade\" role=\"dialog\">\n<div class=\"modal-dialog\">\n<div class=\"modal-content\">\n<div class=\"modal-body\">\n<p><strong>Estimado usu\u00e1rio.<\/strong><br \/>Preencha o formul\u00e1rio abaixo para remeter a p\u00e1gina.<\/p>\n<\/p><\/div>\n<\/p><\/div>\n<\/p><\/div>\n<\/div><\/div>\n<\/p><\/div>\n<\/p><\/div>\n<\/p><\/div>\n<\/p><\/div>\n<\/p><\/div>\n<div class=\"row justify-content-md-center mt-3\">\n<div class=\"col-lg-auto col-image block-news-main-image\">\n<p>                                <img decoding=\"async\" src=\"https:\/\/www.agrolink.com.br\/upload\/imagens-resizes\/366a83078abf47b29fb037176f6f2a6a_858x483.jpg\" class=\"lazyload img-fluid\" alt=\"\u201cQueremos mostrar ao consumidor brasileiro a versatilidade e os benef\u00edcios da uva&quot;\"\/><br \/>\n                                                <span class=\"d-block mt-1\">\u201cQueremos mostrar ao consumidor brasileiro a versatilidade e os benef\u00edcios da uva&#8221; &#8211; Foto: Arquivo Agrolink<\/span><\/p><\/div>\n<\/p><\/div>\n<div class=\"section-description section-description-noticias mt-3\">\n<p>A International Fresh Produce Association (IFPA) iniciou no varejo brasileiro sua campanha de sazonalidade da <a href=\"https:\/\/www.agrolink.com.br\/culturas\/uva?utm_source=agrolink-detalhe-noticia&amp;utm_medium=detalhe-noticia&amp;utm_campaign=links-internos\" target=\"_blank\" rel=\"noopener\">uva<\/a>, com o objetivo de ampliar a presen\u00e7a da fruta no dia a dia dos consumidores. A a\u00e7\u00e3o busca destacar atributos nutricionais, qualidade e versatilidade da <a href=\"https:\/\/www.agrolink.com.br\/culturas\/uva?utm_source=agrolink-detalhe-noticia&amp;utm_medium=detalhe-noticia&amp;utm_campaign=links-internos\" target=\"_blank\" rel=\"noopener\">uva<\/a>, aproveitando o momento de safra para impulsionar vendas e fortalecer a cadeia produtiva.&#13;\n<\/p>\n<p>Segundo a entidade, a iniciativa \u00e9 estrat\u00e9gica para consolidar a fruta no mercado nacional, refor\u00e7ando sua imagem junto ao consumidor e estimulando diferentes formas de consumo. Campanhas desse tipo tamb\u00e9m s\u00e3o vistas como fundamentais para gerar valor a produtores e distribuidores, al\u00e9m de incentivar o consumo regular da fruta.<\/p>\n<p>No campo, a safra de 2025 vem apresentando condi\u00e7\u00f5es favor\u00e1veis, com clima mais adequado em compara\u00e7\u00e3o a 2024 e qualidade considerada elevada. Apesar da tarifa aplicada \u00e0s vendas para os Estados Unidos, o mercado segue aquecido, com boas expectativas para exporta\u00e7\u00f5es \u00e0 Europa e outros continentes, al\u00e9m de pre\u00e7os competitivos no mercado interno.&#13;\n<\/p>\n<p>Com esse cen\u00e1rio, a campanha da IFPA refor\u00e7a a relev\u00e2ncia da uva como produto de destaque na fruticultura brasileira. A estrat\u00e9gia busca n\u00e3o apenas estimular o consumo no pa\u00eds, mas tamb\u00e9m valorizar a produ\u00e7\u00e3o nacional e ampliar oportunidades para toda a cadeia do setor.<\/p>\n<p>\u201cQueremos mostrar ao consumidor brasileiro a versatilidade e os benef\u00edcios da uva, refor\u00e7ando que a fruta est\u00e1 com qualidade e pre\u00e7os excelentes e deve fazer parte da rotina alimentar. Campanhas de sazonalidade s\u00e3o fundamentais para movimentar o mercado, gerar valor para produtores e distribuidores e, ao mesmo tempo, inspirar os consumidores a redescobrirem a uva em diferentes formas de consumo\u201d, conclui.<br \/>&#13;<br \/>\n\u00a0&#13;\n<\/p>\n<\/p><\/div>\n<\/p><\/div>\n<p><script data-cfasync=\"false\">\n    !function (f, b, e, v, n, t, s) {\n        if (f.fbq) return; n = f.fbq = function () {\n            n.callMethod ?\n                n.callMethod.apply(n, arguments) : n.queue.push(arguments)\n        };\n        if (!f._fbq) f._fbq = n; n.push = n; n.loaded = !0; n.version = '2.0';\n        n.queue = []; t = b.createElement(e); t.async = !0;\n        t.src = v; s = b.getElementsByTagName(e)[0];\n        s.parentNode.insertBefore(t, s)\n    }(window, document, 'script',\n        'https:\/\/connect.facebook.net\/en_US\/fbevents.js');\n    fbq('init', '522546078623747');\n    fbq('track', 'PageView');\n<\/script><br \/>\n<br \/><br \/>\n<br \/><a href=\"https:\/\/www.agrolink.com.br\/noticias\/campanha-de-sazonalidade-da-uva-reforca-qualidade_506608.html\">Source link <\/a><\/p>\n","protected":false},"excerpt":{"rendered":"<p>&#13; \u201cQueremos mostrar ao consumidor brasileiro a versatilidade e os benef\u00edcios da uva&#8221;&#13; &#13; Agrolink&#13; &#13; &#8211; Leonardo Gottems&#13; &#13;<\/p>\n","protected":false},"author":1,"featured_media":3802,"comment_status":"open","ping_status":"open","sticky":false,"template":"","format":"standard","meta":{"_monsterinsights_skip_tracking":false,"_monsterinsights_sitenote_active":false,"_monsterinsights_sitenote_note":"","_monsterinsights_sitenote_category":0,"_uf_show_specific_survey":0,"_uf_disable_surveys":false,"footnotes":""},"categories":[8,1,14],"tags":[],"class_list":["post-21409","post","type-post","status-publish","format-standard","has-post-thumbnail","hentry","category-agro","category-news","category-politica-agro"],"_links":{"self":[{"href":"https:\/\/agromt.news\/index.php?rest_route=\/wp\/v2\/posts\/21409"}],"collection":[{"href":"https:\/\/agromt.news\/index.php?rest_route=\/wp\/v2\/posts"}],"about":[{"href":"https:\/\/agromt.news\/index.php?rest_route=\/wp\/v2\/types\/post"}],"author":[{"embeddable":true,"href":"https:\/\/agromt.news\/index.php?rest_route=\/wp\/v2\/users\/1"}],"replies":[{"embeddable":true,"href":"https:\/\/agromt.news\/index.php?rest_route=%2Fwp%2Fv2%2Fcomments&post=21409"}],"version-history":[{"count":0,"href":"https:\/\/agromt.news\/index.php?rest_route=\/wp\/v2\/posts\/21409\/revisions"}],"wp:featuredmedia":[{"embeddable":true,"href":"https:\/\/agromt.news\/index.php?rest_route=\/wp\/v2\/media\/3802"}],"wp:attachment":[{"href":"https:\/\/agromt.news\/index.php?rest_route=%2Fwp%2Fv2%2Fmedia&parent=21409"}],"wp:term":[{"taxonomy":"category","embeddable":true,"href":"https:\/\/agromt.news\/index.php?rest_route=%2Fwp%2Fv2%2Fcategories&post=21409"},{"taxonomy":"post_tag","embeddable":true,"href":"https:\/\/agromt.news\/index.php?rest_route=%2Fwp%2Fv2%2Ftags&post=21409"}],"curies":[{"name":"wp","href":"https:\/\/api.w.org\/{rel}","templated":true}]}}