{"id":21401,"date":"2025-10-03T11:40:53","date_gmt":"2025-10-03T15:40:53","guid":{"rendered":"https:\/\/agromt.news\/?p=21401"},"modified":"2025-10-03T11:40:53","modified_gmt":"2025-10-03T15:40:53","slug":"aviao-da-fab-usado-por-lula-em-viagem-a-belem-apresenta-falha","status":"publish","type":"post","link":"https:\/\/agromt.news\/?p=21401","title":{"rendered":"Avi\u00e3o da FAB usado por Lula em viagem a Bel\u00e9m apresenta falha"},"content":{"rendered":"<p> <br \/>\n<br \/><img decoding=\"async\" src=\"https:\/\/agromt.news\/wp-content\/uploads\/2025\/10\/Aviao-da-FAB-usado-por-Lula-em-viagem-a-Belem.jpg\" \/><\/p>\n<div>\n<p>O presidente Luiz In\u00e1cio Lula da Silva precisou trocar de aeronave antes de decolar de Bel\u00e9m (PA) com destino a Breves, no Arquip\u00e9lago do Maraj\u00f3, no Par\u00e1, na manh\u00e3 da quinta-feira (2).<\/p>\n<p>De acordo com nota do Pal\u00e1cio do Planalto, inicialmente, o trajeto seria feito em um C-105 Amazonas, da For\u00e7a A\u00e9rea Brasileira (FAB), que n\u00e3o integra a frota presidencial, mas foi escolhido por ser adequado \u00e0s condi\u00e7\u00f5es da pista no munic\u00edpio de destino. O avi\u00e3o \u00e9 usado com frequ\u00eancia para transporte de tropas e cargas, al\u00e9m do deslocamento do presidente quando \u00e9 necess\u00e1rio pousar em pistas curtas.<\/p>\n<p>Ainda em solo, durante os procedimentos de acionamento dos motores, foi identificado um problema t\u00e9cnico-operacional na aeronave. Por precau\u00e7\u00e3o e seguindo protocolos de seguran\u00e7a, a FAB optou por utilizar uma aeronave reserva (sempre dispon\u00edvel nas miss\u00f5es presidenciais). O modelo utilizado foi um C-97 Bras\u00edlia.<\/p>\n<p>A nota enfatiza que o voo foi realizado normalmente e que o presidente cumpriu toda a agenda prevista em Breves em seguran\u00e7a e sem altera\u00e7\u00f5es no roteiro.<\/p>\n<h2 class=\"wp-block-heading\" id=\"h-lula-diz-que-foi-a-igreja-agradecer\">Lula diz que foi a igreja agradecer<\/h2>\n<p>Em entrevista para a TV Liberal, afiliada da Globo no Par\u00e1, nesta sexta-feira (3), Lula afirmou fez uma visita \u00e0 Bas\u00edlica Santu\u00e1rio de Nossa Senhora de Nazar\u00e9, em Bel\u00e9m, ap\u00f3s o epis\u00f3dio.<br \/>\u201cOntem eu fui na matriz, eu fui agradecer \u00e0 Nossa Senhora de Nazar\u00e9, porque ontem aconteceu um outro problema comigo no avi\u00e3o\u201d, contou o presidente.<\/p>\n<p>Em outubro do ano passado, no M\u00e9xico, Lula tamb\u00e9m enfrentou problemas com avi\u00e3o. Depois da aeronave que ele e a comitiva ocupavam apresentar falhas t\u00e9cnicas, precisou voar em c\u00edrculos por aproximadamente cinco horas. O objetivo era queimar combust\u00edvel antes de aterrissar.<\/p>\n<\/p><\/div>\n<p><br \/>\n<br \/><a href=\"https:\/\/www.canalrural.com.br\/nacional\/aviao-da-fab-usado-por-lula-em-viagem-a-belem-apresenta-falha\/\">Source link <\/a><\/p>\n","protected":false},"excerpt":{"rendered":"<p>O presidente Luiz In\u00e1cio Lula da Silva precisou trocar de aeronave antes de decolar de Bel\u00e9m (PA) com destino a<\/p>\n","protected":false},"author":1,"featured_media":21402,"comment_status":"open","ping_status":"open","sticky":false,"template":"","format":"standard","meta":{"_monsterinsights_skip_tracking":false,"_monsterinsights_sitenote_active":false,"_monsterinsights_sitenote_note":"","_monsterinsights_sitenote_category":0,"_uf_show_specific_survey":0,"_uf_disable_surveys":false,"footnotes":""},"categories":[1],"tags":[],"class_list":["post-21401","post","type-post","status-publish","format-standard","has-post-thumbnail","hentry","category-news"],"_links":{"self":[{"href":"https:\/\/agromt.news\/index.php?rest_route=\/wp\/v2\/posts\/21401"}],"collection":[{"href":"https:\/\/agromt.news\/index.php?rest_route=\/wp\/v2\/posts"}],"about":[{"href":"https:\/\/agromt.news\/index.php?rest_route=\/wp\/v2\/types\/post"}],"author":[{"embeddable":true,"href":"https:\/\/agromt.news\/index.php?rest_route=\/wp\/v2\/users\/1"}],"replies":[{"embeddable":true,"href":"https:\/\/agromt.news\/index.php?rest_route=%2Fwp%2Fv2%2Fcomments&post=21401"}],"version-history":[{"count":0,"href":"https:\/\/agromt.news\/index.php?rest_route=\/wp\/v2\/posts\/21401\/revisions"}],"wp:featuredmedia":[{"embeddable":true,"href":"https:\/\/agromt.news\/index.php?rest_route=\/wp\/v2\/media\/21402"}],"wp:attachment":[{"href":"https:\/\/agromt.news\/index.php?rest_route=%2Fwp%2Fv2%2Fmedia&parent=21401"}],"wp:term":[{"taxonomy":"category","embeddable":true,"href":"https:\/\/agromt.news\/index.php?rest_route=%2Fwp%2Fv2%2Fcategories&post=21401"},{"taxonomy":"post_tag","embeddable":true,"href":"https:\/\/agromt.news\/index.php?rest_route=%2Fwp%2Fv2%2Ftags&post=21401"}],"curies":[{"name":"wp","href":"https:\/\/api.w.org\/{rel}","templated":true}]}}