{"id":21399,"date":"2025-10-03T11:26:19","date_gmt":"2025-10-03T15:26:19","guid":{"rendered":"https:\/\/agromt.news\/?p=21399"},"modified":"2025-10-03T11:26:19","modified_gmt":"2025-10-03T15:26:19","slug":"produtor-tem-papel-central-na-transicao-energetica-brasileira-aponta-diretor-da-ubrabio","status":"publish","type":"post","link":"https:\/\/agromt.news\/?p=21399","title":{"rendered":"&#8216;Produtor tem papel central na transi\u00e7\u00e3o energ\u00e9tica brasileira&#8217;, aponta diretor da Ubrabio"},"content":{"rendered":"<p> <br \/>\n<br \/><img decoding=\"async\" src=\"https:\/\/agromt.news\/wp-content\/uploads\/2025\/10\/Produtor-tem-papel-central-na-transicao-energetica-brasileira-aponta-diretor.jpeg\" \/><\/p>\n<div>\n<p>Durante a<a href=\"https:\/\/www.canalrural.com.br\/agricultura\/projeto-soja-brasil\/inicio-da-semeadura-da-soja-mostra-como-o-agro-e-parte-da-identidade-do-brasil-diz-presidente-da-aprosoja-ms\/\"> Abertura Nacional do Plantio da Soja<\/a>, realizada nesta sexta-feira (3), o painel \u201c<a href=\"https:\/\/www.canalrural.com.br\/agricultura\/projeto-soja-brasil\/diretor-da-ubrabio-marca-presenca-e-afirma-produzir-soja-e-produzir-energia-que-move-o-brasil\/\">Oportunidades dos Biocombust\u00edveis e Oportunidades para a Soja do MS<\/a>\u201d reuniu Donizete Tokarski, diretor-superintendente da Ubrabio, e Arthur Falcette, secret\u00e1rio adjunto da Semadesc. O debate abordou o papel da soja na transi\u00e7\u00e3o energ\u00e9tica e na produ\u00e7\u00e3o de biocombust\u00edveis, destacando as novas oportunidades de mercado e o potencial de valoriza\u00e7\u00e3o da cadeia produtiva.<\/p>\n<ul class=\"wp-block-list\">\n<li><strong><em>Fique por dentro das novidades e not\u00edcias recentes sobre a soja! Participe da nossa comunidade atrav\u00e9s do\u00a0<a href=\"https:\/\/chat.whatsapp.com\/BmMRwA0TZ2DHGyhzoaVEWu\">link<\/a>! \ud83c\udf31<\/em><\/strong><\/li>\n<\/ul>\n<p>Segundo Donizete Tokarski, a soja \u00e9 um dos grandes pilares que fazem da agricultura brasileira um exemplo de transforma\u00e7\u00e3o e efici\u00eancia. \u201dO produtor de soja n\u00e3o produz apenas alimento. Ele produz alimento e energia. O biodiesel \u00e9 um combust\u00edvel que segue r\u00edgidos padr\u00f5es de qualidade, reduz emiss\u00f5es de gases poluentes e melhora a efici\u00eancia energ\u00e9tica do pa\u00eds. Al\u00e9m disso, sua cadeia est\u00e1 diretamente ligada \u00e0 gera\u00e7\u00e3o de empregos, renda e desenvolvimento regional\u201d, destacou.<\/p>\n<p>Tokarski refor\u00e7a que o biodiesel derivado da soja \u00e9 parte essencial de uma produ\u00e7\u00e3o mais sustent\u00e1vel e estrat\u00e9gica. \u201dN\u00e3o existe carne mais descarbonizada do que a produzida no Brasil. O biodiesel, a partir da soja, fortalece essa l\u00f3gica. Do gr\u00e3o ao farelo, agregamos valor \u00e0 produ\u00e7\u00e3o e fortalecemos a economia local. \u00c9 importante que o produtor reconhe\u00e7a que ele tem um papel central na transi\u00e7\u00e3o energ\u00e9tica brasileira\u201d, apontou.<\/p>\n<p>J\u00e1 Arthur Falcette destacou o protagonismo de Mato Grosso do Sul. \u201dHoje, as discuss\u00f5es geopol\u00edticas do mundo giram em torno da transi\u00e7\u00e3o energ\u00e9tica e o estado tem se posicionado de forma estrat\u00e9gica. Quando falamos em combust\u00edvel do futuro, estamos falando em manter os padr\u00f5es de qualidade e, ao mesmo tempo, fortalecer os sistemas produtivos. Tudo est\u00e1 conectado\u201d, explicou.<\/p>\n<p>Falcette lembrou que o Brasil tem metas ambiciosas para ampliar o uso de biocombust\u00edveis. \u201dEstamos numa trajet\u00f3ria que leva o biodiesel de 15% para 20%, podendo chegar a 25%, e o etanol deve alcan\u00e7ar 30% na mistura com a gasolina. \u00c9 um movimento que vai exigir planejamento e integra\u00e7\u00e3o entre as cadeias produtivas do agro\u201d, ressaltou.<\/p>\n<p>Questionado sobre a suposta competi\u00e7\u00e3o entre a produ\u00e7\u00e3o de biocombust\u00edveis e a de alimentos, Tokarski rebateu: \u201dDe jeito nenhum. Essa narrativa existe na Europa, onde h\u00e1 limita\u00e7\u00f5es de terra e clima. No Brasil, \u00e9 diferente. Produzimos duas ou tr\u00eas safras por ano, o que nos permite atender tanto a demanda alimentar quanto a energ\u00e9tica.\u201d <\/p>\n<p>Falcette refor\u00e7ou que o Mato Grosso do Sul est\u00e1 preparado para esse novo cen\u00e1rio. \u201d\u00c9 fundamental enxergar essa cadeia de forma integrada, do biodiesel ao etanol e ao biometano. Nossa capacidade de produzir v\u00e1rias safras e conectar essas cadeias ser\u00e1 o diferencial competitivo do MS. Quanto maior for nossa demanda interna por biocombust\u00edveis, mais estabilidade teremos no mercado e nos pre\u00e7os\u201d, comentou no painel. <\/p>\n<p>Tokarski finalizou destacando que o aumento do consumo de biocombust\u00edveis traz benef\u00edcios diretos \u00e0 economia e \u00e0 sociedade. \u201dO crescimento dos biocombust\u00edveis representa o aumento do uso da nossa principal mat\u00e9ria-prima, a soja. Essa expans\u00e3o precisa ser compreendida e valorizada pela sociedade. O Brasil ainda depende de cerca de 20% de diesel f\u00f3ssil importado. Ele refor\u00e7ou, ainda, que \u00e9 essencial valorizar o que \u00e9 produzido no territ\u00f3rio nacional. <\/p>\n<p>Nas considera\u00e7\u00f5es finais, Donizete destacou o simbolismo do evento. \u201dHoje \u00e9 um dia espetacular e hist\u00f3rico. Estamos lan\u00e7ando a semente do futuro sustent\u00e1vel do Brasil, que une tecnologia, produtividade e governan\u00e7a no campo. \u00c9 a demonstra\u00e7\u00e3o da for\u00e7a da nossa agropecu\u00e1ria e da capacidade de desenvolvimento regional que temos\u201d, afirmou.<\/p>\n<p>Arthur Falcette tamb\u00e9m chamou aten\u00e7\u00e3o para a dimens\u00e3o estrat\u00e9gica dos biocombust\u00edveis. \u201dEstamos diante de uma onda muito forte, que n\u00e3o vai retroceder. Se olharmos para Mato Grosso do Sul, produzimos mais de 20 milh\u00f5es de metros c\u00fabicos de etanol, metade disso de milho, e h\u00e1 poucos anos n\u00e3o t\u00ednhamos nada. Essa transforma\u00e7\u00e3o \u00e9 resultado de uma constru\u00e7\u00e3o estrat\u00e9gica que o agro brasileiro soube abra\u00e7ar\u201d, observou.<\/p>\n<p>Ele ressaltou que o produtor rural precisa enxergar o tema de forma mais ampla. O secret\u00e1rio alertou que, muitas vezes, na propriedade rural, os produtores ficam presos \u00e0 rotina operacional e deixam de olhar para o contexto maior. Essa \u00e9 uma discuss\u00e3o que precisa estar pr\u00f3xima do produtor, porque se h\u00e1 um agro capaz de absorver essa agenda, \u00e9 o agro brasileiro.<\/p>\n<p>Falcette falou sobre a import\u00e2ncia da seguran\u00e7a jur\u00eddica e da atua\u00e7\u00e3o ativa do setor.<br \/>\u201cPrecisamos acompanhar esse processo de perto. Se ficarmos distantes, seremos apenas passageiros. O Brasil deve ser protagonista e mostrar ao mundo como lidar com as quest\u00f5es da seguran\u00e7a alimentar e da transi\u00e7\u00e3o energ\u00e9tica. Quem quiser conversar sobre isso ter\u00e1 que sentar \u00e0 mesa com o Brasil\u201d, finalizou.<\/p>\n<\/p><\/div>\n<p><br \/>\n<br \/><a href=\"https:\/\/www.canalrural.com.br\/agricultura\/projeto-soja-brasil\/produtor-tem-papel-central-na-transicao-energetica-brasileira-aponta-diretor-da-ubrabio\/\">Source link <\/a><\/p>\n","protected":false},"excerpt":{"rendered":"<p>Durante a Abertura Nacional do Plantio da Soja, realizada nesta sexta-feira (3), o painel \u201cOportunidades dos Biocombust\u00edveis e Oportunidades para<\/p>\n","protected":false},"author":1,"featured_media":21400,"comment_status":"open","ping_status":"open","sticky":false,"template":"","format":"standard","meta":{"_monsterinsights_skip_tracking":false,"_monsterinsights_sitenote_active":false,"_monsterinsights_sitenote_note":"","_monsterinsights_sitenote_category":0,"_uf_show_specific_survey":0,"_uf_disable_surveys":false,"footnotes":""},"categories":[1],"tags":[],"class_list":["post-21399","post","type-post","status-publish","format-standard","has-post-thumbnail","hentry","category-news"],"_links":{"self":[{"href":"https:\/\/agromt.news\/index.php?rest_route=\/wp\/v2\/posts\/21399"}],"collection":[{"href":"https:\/\/agromt.news\/index.php?rest_route=\/wp\/v2\/posts"}],"about":[{"href":"https:\/\/agromt.news\/index.php?rest_route=\/wp\/v2\/types\/post"}],"author":[{"embeddable":true,"href":"https:\/\/agromt.news\/index.php?rest_route=\/wp\/v2\/users\/1"}],"replies":[{"embeddable":true,"href":"https:\/\/agromt.news\/index.php?rest_route=%2Fwp%2Fv2%2Fcomments&post=21399"}],"version-history":[{"count":0,"href":"https:\/\/agromt.news\/index.php?rest_route=\/wp\/v2\/posts\/21399\/revisions"}],"wp:featuredmedia":[{"embeddable":true,"href":"https:\/\/agromt.news\/index.php?rest_route=\/wp\/v2\/media\/21400"}],"wp:attachment":[{"href":"https:\/\/agromt.news\/index.php?rest_route=%2Fwp%2Fv2%2Fmedia&parent=21399"}],"wp:term":[{"taxonomy":"category","embeddable":true,"href":"https:\/\/agromt.news\/index.php?rest_route=%2Fwp%2Fv2%2Fcategories&post=21399"},{"taxonomy":"post_tag","embeddable":true,"href":"https:\/\/agromt.news\/index.php?rest_route=%2Fwp%2Fv2%2Ftags&post=21399"}],"curies":[{"name":"wp","href":"https:\/\/api.w.org\/{rel}","templated":true}]}}