{"id":21398,"date":"2025-10-03T11:11:08","date_gmt":"2025-10-03T15:11:08","guid":{"rendered":"https:\/\/agromt.news\/?p=21398"},"modified":"2025-10-03T11:11:08","modified_gmt":"2025-10-03T15:11:08","slug":"chuva-no-fim-de-setembro-favorece-florada-dos-citros","status":"publish","type":"post","link":"https:\/\/agromt.news\/?p=21398","title":{"rendered":"Chuva no fim de setembro favorece florada dos citros"},"content":{"rendered":"<p> <br \/>\n<br \/><img decoding=\"async\" src=\"https:\/\/agromt.news\/wp-content\/uploads\/2025\/03\/citros.jpg\" \/><\/p>\n<div>\n<p>A chuva nas principais regi\u00f5es do cintur\u00e3o citr\u00edcola na semana passada ajudou na indu\u00e7\u00e3o de flores em alguns talh\u00f5es. Isso \u00e9 o que mostram os levantamentos do <a href=\"https:\/\/www.canalrural.com.br\/tag\/cepea\/\">Centro de Estudos em Economia Aplicada (Cepea).<\/a><\/p>\n<p>Pesquisadores do instituto alertam, contudo, que o volume e a const\u00e2ncia das chuvas ainda n\u00e3o compensaram o d\u00e9ficit h\u00eddrico registrado na maioria das pra\u00e7as.\u00a0<\/p>\n<p>Ressalta-se que esse \u00e9 um momento crucial para defini\u00e7\u00e3o do potencial produtivo da safra seguinte. N\u00e3o h\u00e1 previs\u00e3o de chuvas expressivas para a regi\u00e3o citr\u00edcola de S\u00e3o Paulo e do Tri\u00e2ngulo Mineiro nos pr\u00f3ximos dias, apenas de tempo quente.<\/p>\n<p>Pesquisadores do Cepea indicam que este contexto coloca o rec\u00e9m-iniciado per\u00edodo de flora\u00e7\u00e3o em uma situa\u00e7\u00e3o de risco.<\/p>\n<p>A preocupa\u00e7\u00e3o dos agentes do setor consultados pelo Cepea \u00e9 que, diante do baixo volume de chuva e de dias bastante quentes, o pagamento seja prejudicado, levando a uma alta queda de flores, o que, consequentemente, atrapalha a safra de primeira florada do ano que vem, assim como j\u00e1 aconteceu em 2025.<\/p>\n<p><em>*Sob supervis\u00e3o de Luis Roberto Toledo<\/em><\/p>\n<\/p><\/div>\n<p><br \/>\n<br \/><a href=\"https:\/\/www.canalrural.com.br\/agricultura\/chuva-no-final-de-setembro-favorece-florada-dos-citros\/\">Source link <\/a><\/p>\n","protected":false},"excerpt":{"rendered":"<p>A chuva nas principais regi\u00f5es do cintur\u00e3o citr\u00edcola na semana passada ajudou na indu\u00e7\u00e3o de flores em alguns talh\u00f5es. Isso<\/p>\n","protected":false},"author":1,"featured_media":11390,"comment_status":"open","ping_status":"open","sticky":false,"template":"","format":"standard","meta":{"_monsterinsights_skip_tracking":false,"_monsterinsights_sitenote_active":false,"_monsterinsights_sitenote_note":"","_monsterinsights_sitenote_category":0,"_uf_show_specific_survey":0,"_uf_disable_surveys":false,"footnotes":""},"categories":[1],"tags":[],"class_list":["post-21398","post","type-post","status-publish","format-standard","has-post-thumbnail","hentry","category-news"],"_links":{"self":[{"href":"https:\/\/agromt.news\/index.php?rest_route=\/wp\/v2\/posts\/21398"}],"collection":[{"href":"https:\/\/agromt.news\/index.php?rest_route=\/wp\/v2\/posts"}],"about":[{"href":"https:\/\/agromt.news\/index.php?rest_route=\/wp\/v2\/types\/post"}],"author":[{"embeddable":true,"href":"https:\/\/agromt.news\/index.php?rest_route=\/wp\/v2\/users\/1"}],"replies":[{"embeddable":true,"href":"https:\/\/agromt.news\/index.php?rest_route=%2Fwp%2Fv2%2Fcomments&post=21398"}],"version-history":[{"count":0,"href":"https:\/\/agromt.news\/index.php?rest_route=\/wp\/v2\/posts\/21398\/revisions"}],"wp:featuredmedia":[{"embeddable":true,"href":"https:\/\/agromt.news\/index.php?rest_route=\/wp\/v2\/media\/11390"}],"wp:attachment":[{"href":"https:\/\/agromt.news\/index.php?rest_route=%2Fwp%2Fv2%2Fmedia&parent=21398"}],"wp:term":[{"taxonomy":"category","embeddable":true,"href":"https:\/\/agromt.news\/index.php?rest_route=%2Fwp%2Fv2%2Fcategories&post=21398"},{"taxonomy":"post_tag","embeddable":true,"href":"https:\/\/agromt.news\/index.php?rest_route=%2Fwp%2Fv2%2Ftags&post=21398"}],"curies":[{"name":"wp","href":"https:\/\/api.w.org\/{rel}","templated":true}]}}