{"id":21397,"date":"2025-10-03T10:56:59","date_gmt":"2025-10-03T14:56:59","guid":{"rendered":"https:\/\/agromt.news\/?p=21397"},"modified":"2025-10-03T10:56:59","modified_gmt":"2025-10-03T14:56:59","slug":"diferenca-de-precos-entre-os-ovos-branco-e-vermelho-e-a-menor-desde-2024","status":"publish","type":"post","link":"https:\/\/agromt.news\/?p=21397","title":{"rendered":"Diferen\u00e7a de pre\u00e7os entre os ovos branco e vermelho \u00e9 a menor desde 2024"},"content":{"rendered":"<p> <br \/>\n<br \/><img decoding=\"async\" src=\"https:\/\/agromt.news\/wp-content\/uploads\/2024\/10\/Screenshot-2023-07-24-at-16-00-58-Ovos-de-galinha-fresca-vista-superior-Foto-Gratis.png\" \/><\/p>\n<div>\n<p>A diferen\u00e7a entre os pre\u00e7os dos ovos tipos extra brancos e vermelhos, recuou em setembro atingindo o menor patamar desde 2024. Isso \u00e9 o que apontam os dados do <a href=\"https:\/\/www.canalrural.com.br\/tag\/cepea\/\">Centro de Estudos Avan\u00e7ados em Economia Aplicada (Cepea).<\/a><\/p>\n<p>Vale lembrar que esse cen\u00e1rio \u00e9 visto ap\u00f3s os pre\u00e7os das duas variedades de ovos terem alcan\u00e7ado uma diferen\u00e7a recorde em mar\u00e7o deste ano. Desde ent\u00e3o, a diferen\u00e7a entre os valores das duas variedades tem recuado de forma cont\u00ednua.\u00a0<\/p>\n<p>Segundo pesquisadores do Cepea, o estreitamento gradual entre as duas variedades de ovos reflete o aumento da oferta no mercado dom\u00e9stico ao longo dos \u00faltimos meses, que pressionou as cota\u00e7\u00f5es da prote\u00edna.\u00a0<\/p>\n<p>Dados do instituto mostram que, entre julho e setembro, o pre\u00e7o dos ovos brancos tipo extra, a retirar (FOB) em Santa Maria de Jetib\u00e1, caiu 14% em rela\u00e7\u00e3o ao trimestre anterior, em termos reais (dados deflacionados pelo IGD-DI de agosto\/25).\u00a0<\/p>\n<p>Ainda assim, a retra\u00e7\u00e3o na m\u00e9dia trimestral dos ovos vermelhos foi ainda mais intensa, de 18% (tamb\u00e9m em termos reais).<\/p>\n<p><em>*Sob supervis\u00e3o de Luis Roberto Toledo<\/em><\/p>\n<\/p><\/div>\n<p><br \/>\n<br \/><a href=\"https:\/\/www.canalrural.com.br\/aves-e-suinos\/diferenca-de-precos-entre-os-ovos-branco-e-vermelho-e-a-menor-desde-2024\/\">Source link <\/a><\/p>\n","protected":false},"excerpt":{"rendered":"<p>A diferen\u00e7a entre os pre\u00e7os dos ovos tipos extra brancos e vermelhos, recuou em setembro atingindo o menor patamar desde<\/p>\n","protected":false},"author":1,"featured_media":4174,"comment_status":"open","ping_status":"open","sticky":false,"template":"","format":"standard","meta":{"_monsterinsights_skip_tracking":false,"_monsterinsights_sitenote_active":false,"_monsterinsights_sitenote_note":"","_monsterinsights_sitenote_category":0,"_uf_show_specific_survey":0,"_uf_disable_surveys":false,"footnotes":""},"categories":[1],"tags":[],"class_list":["post-21397","post","type-post","status-publish","format-standard","has-post-thumbnail","hentry","category-news"],"_links":{"self":[{"href":"https:\/\/agromt.news\/index.php?rest_route=\/wp\/v2\/posts\/21397"}],"collection":[{"href":"https:\/\/agromt.news\/index.php?rest_route=\/wp\/v2\/posts"}],"about":[{"href":"https:\/\/agromt.news\/index.php?rest_route=\/wp\/v2\/types\/post"}],"author":[{"embeddable":true,"href":"https:\/\/agromt.news\/index.php?rest_route=\/wp\/v2\/users\/1"}],"replies":[{"embeddable":true,"href":"https:\/\/agromt.news\/index.php?rest_route=%2Fwp%2Fv2%2Fcomments&post=21397"}],"version-history":[{"count":0,"href":"https:\/\/agromt.news\/index.php?rest_route=\/wp\/v2\/posts\/21397\/revisions"}],"wp:featuredmedia":[{"embeddable":true,"href":"https:\/\/agromt.news\/index.php?rest_route=\/wp\/v2\/media\/4174"}],"wp:attachment":[{"href":"https:\/\/agromt.news\/index.php?rest_route=%2Fwp%2Fv2%2Fmedia&parent=21397"}],"wp:term":[{"taxonomy":"category","embeddable":true,"href":"https:\/\/agromt.news\/index.php?rest_route=%2Fwp%2Fv2%2Fcategories&post=21397"},{"taxonomy":"post_tag","embeddable":true,"href":"https:\/\/agromt.news\/index.php?rest_route=%2Fwp%2Fv2%2Ftags&post=21397"}],"curies":[{"name":"wp","href":"https:\/\/api.w.org\/{rel}","templated":true}]}}