{"id":21386,"date":"2025-10-03T09:11:06","date_gmt":"2025-10-03T13:11:06","guid":{"rendered":"https:\/\/agromt.news\/?p=21386"},"modified":"2025-10-03T09:11:06","modified_gmt":"2025-10-03T13:11:06","slug":"o-agro-e-parte-essencial-da-identidade-do-brasil-afirma-presidente-da-aprosoja-ms-durante-inicio-da-semeadura-da-soja","status":"publish","type":"post","link":"https:\/\/agromt.news\/?p=21386","title":{"rendered":"&#8216;O agro \u00e9 parte essencial da identidade do Brasil&#8217;, afirma presidente da Aprosoja MS durante in\u00edcio da semeadura da soja"},"content":{"rendered":"<p> <br \/>\n<br \/><img decoding=\"async\" src=\"https:\/\/agromt.news\/wp-content\/uploads\/2025\/10\/O-agro-e-parte-essencial-da-identidade-do-Brasil-afirma.jpeg\" \/><\/p>\n<div>\n<p>A contagem regressiva chegou e, agora, as m\u00e1quinas assumem o protagonismo no campo. Foi <a href=\"https:\/\/www.canalrural.com.br\/agricultura\/projeto-soja-brasil\/o-evento-marca-o-inicio-de-uma-missao-que-reune-sojicultores-de-todo-o-brasil-diz-julio-cargnino\/\">dada a largada<\/a> para a Abertura Nacional do Plantio da Soja 2025\/26, realizada em Sidrol\u00e2ndia (MS), diretamente da Fazenda Recanto. S\u00e3o cerca de mil presentes reunidos no  evento que marca oficialmente o in\u00edcio da nova temporada de semeadura da oleaginosa no Brasil.<\/p>\n<ul class=\"wp-block-list\">\n<li><strong><em>Fique por dentro das novidades e not\u00edcias recentes sobre a soja! Participe da nossa comunidade atrav\u00e9s do\u00a0<a href=\"https:\/\/chat.whatsapp.com\/BmMRwA0TZ2DHGyhzoaVEWu\">link<\/a>! \ud83c\udf31<\/em><\/strong><\/li>\n<\/ul>\n<p><iframe title=\"Abertura Nacional do Plantio da Soja 25\/26\" width=\"800\" height=\"450\" src=\"https:\/\/www.youtube.com\/embed\/X02Z3JTRyGI?feature=oembed\" frameborder=\"0\" allow=\"accelerometer; autoplay; clipboard-write; encrypted-media; gyroscope; picture-in-picture; web-share\" referrerpolicy=\"strict-origin-when-cross-origin\" allowfullscreen><\/iframe><noscript><iframe title=\"Abertura Nacional do Plantio da Soja 25\/26\" width=\"800\" height=\"450\" src=\"https:\/\/www.youtube.com\/embed\/X02Z3JTRyGI?feature=oembed\" frameborder=\"0\" allow=\"accelerometer; autoplay; clipboard-write; encrypted-media; gyroscope; picture-in-picture; web-share\" referrerpolicy=\"strict-origin-when-cross-origin\" allowfullscreen><\/iframe><\/noscript><\/p>\n<p>A fam\u00edlia Basso esteve presente no palco, representada tamb\u00e9m por Rodrigo Basso, prefeito de Sidrol\u00e2ndia. Em seu discurso, o gestor destacou a import\u00e2ncia da soja para o desenvolvimento local. \u201cN\u00e3o tem como a gente n\u00e3o ser grato por essa cultura que trouxe tanto desenvolvimento para a gente. Representando produtores rurais, estamos muito gratos pela parceria com a Aprosoja Brasil\u201d, afirmou.<\/p>\n<p>Durante a cerim\u00f4nia, foi exibida uma reportagem sobre a relev\u00e2ncia da commodity para Mato Grosso do Sul. Tamb\u00e9m participaram da abertura o presidente do Sindicato Rural de Sidrol\u00e2ndia, Paulo Stefanello, e o presidente da Aprosoja-MS, Jorge Michelc. <\/p>\n<p>\u201c\u00c9 uma honra receber todos voc\u00eas neste momento que marca o in\u00edcio de nossa agricultura. Sidrol\u00e2ndia representa 6% da \u00e1rea estadual, com produ\u00e7\u00e3o de 960 mil toneladas na \u00faltima safra e produtividade acima da m\u00e9dia estadual. Al\u00e9m disso, conta com mais de 119 mil hectares dispon\u00edveis para expans\u00e3o\u201d, disse Michelc, refor\u00e7ando o potencial da regi\u00e3o.<\/p>\n<p>O presidente do Sindicato Rural de Sidrol\u00e2ndia, Paulo Stefanello, fez quest\u00e3o de agradecer \u00e0 fam\u00edlia Basso pela acolhida na Fazenda Recanto. Em sua fala, ele destacou a posi\u00e7\u00e3o estrat\u00e9gica do munic\u00edpio. <\/p>\n<p>\u201cSidrol\u00e2ndia est\u00e1 no cora\u00e7\u00e3o da Rota Bioce\u00e2nica, que traz para o munic\u00edpio um grande avan\u00e7o no setor log\u00edstico. Isso \u00e9 muito importante para o desenvolvimento da nossa regi\u00e3o, pois gera crescimento industrial n\u00e3o s\u00f3 para Sidrol\u00e2ndia, mas para todo o Centro-Oeste do Brasil\u201d, afirmou.<\/p>\n<p>O presidente da Aprosoja Brasil, Maur\u00edcio Buffon, subiu ao palco e pediu uma salva de palmas em homenagem a todos os produtores rurais de Mato Grosso do Sul.<\/p>\n<p>Na sequ\u00eancia, Julio Cargnino, presidente do Canal Rural, tamb\u00e9m se dirigiu ao p\u00fablico e fez uma s\u00e9rie de agradecimentos. Ele saudou os milhares de agricultores que acompanham o evento, destacou a import\u00e2ncia da fam\u00edlia Basso e cumprimentou os 11 presidentes de Aprosojas presentes. Cargnino lembrou que esta \u00e9 a sexta vez que a abertura nacional acontece em Mato Grosso do Sul.<\/p>\n<p>\u201c\u00c9 um compromisso de levarmos juntos informa\u00e7\u00e3o ao produtor rural. Outro pilar desse encontro \u00e9 o momento de celebra\u00e7\u00e3o: estamos unindo mais de mil produtores aqui hoje. E tamb\u00e9m conseguimos, a partir desses eventos, mostrar ao Brasil o que acontece no campo\u201d, afirmou.<\/p>\n<h2 class=\"wp-block-heading\" id=\"h-programacao-da-abertura-do-plantio-da-soja\">Programa\u00e7\u00e3o da Abertura do Plantio da Soja<\/h2>\n<p>A programa\u00e7\u00e3o inclui dois pain\u00e9is de debates. O primeiro, \u201cBiocombust\u00edveis: Economia Verde e Oportunidades para o Produtor\u201d, ter\u00e1 a participa\u00e7\u00e3o de Donizete Tokarski, diretor superintendente da Ubrabio, e Arthur Falcette, secret\u00e1rio adjunto da Semadesc. O painel vai discutir o papel estrat\u00e9gico da soja na produ\u00e7\u00e3o de biodiesel e outras energias renov\u00e1veis, ampliando as possibilidades de mercado para os produtores.<\/p>\n<p>Na sequ\u00eancia, ser\u00e1 realizado o painel \u201cCaminhos para Solu\u00e7\u00e3o dos Gargalos do Agro\u201d, mediado por Fabr\u00edcio Rosa. Entre os convidados est\u00e3o Maur\u00edcio Buffon, presidente da Aprosoja Brasil; a senadora Tereza Cristina, ex-ministra da Agricultura; e o deputado Rodolfo Nogueira, presidente da Comiss\u00e3o de Agricultura da C\u00e2mara dos Deputados. O debate deve abordar os principais desafios log\u00edsticos, regulat\u00f3rios e pol\u00edticos que influenciam o avan\u00e7o do agroneg\u00f3cio brasileiro.<\/p>\n<\/p><\/div>\n<p><br \/>\n<br \/><a href=\"https:\/\/www.canalrural.com.br\/agricultura\/projeto-soja-brasil\/inicio-da-semeadura-da-soja-mostra-como-o-agro-e-parte-da-identidade-do-brasil-diz-presidente-da-aprosoja-ms\/\">Source link <\/a><\/p>\n","protected":false},"excerpt":{"rendered":"<p>A contagem regressiva chegou e, agora, as m\u00e1quinas assumem o protagonismo no campo. Foi dada a largada para a Abertura<\/p>\n","protected":false},"author":1,"featured_media":21387,"comment_status":"open","ping_status":"open","sticky":false,"template":"","format":"standard","meta":{"_monsterinsights_skip_tracking":false,"_monsterinsights_sitenote_active":false,"_monsterinsights_sitenote_note":"","_monsterinsights_sitenote_category":0,"_uf_show_specific_survey":0,"_uf_disable_surveys":false,"footnotes":""},"categories":[1],"tags":[],"class_list":["post-21386","post","type-post","status-publish","format-standard","has-post-thumbnail","hentry","category-news"],"_links":{"self":[{"href":"https:\/\/agromt.news\/index.php?rest_route=\/wp\/v2\/posts\/21386"}],"collection":[{"href":"https:\/\/agromt.news\/index.php?rest_route=\/wp\/v2\/posts"}],"about":[{"href":"https:\/\/agromt.news\/index.php?rest_route=\/wp\/v2\/types\/post"}],"author":[{"embeddable":true,"href":"https:\/\/agromt.news\/index.php?rest_route=\/wp\/v2\/users\/1"}],"replies":[{"embeddable":true,"href":"https:\/\/agromt.news\/index.php?rest_route=%2Fwp%2Fv2%2Fcomments&post=21386"}],"version-history":[{"count":0,"href":"https:\/\/agromt.news\/index.php?rest_route=\/wp\/v2\/posts\/21386\/revisions"}],"wp:featuredmedia":[{"embeddable":true,"href":"https:\/\/agromt.news\/index.php?rest_route=\/wp\/v2\/media\/21387"}],"wp:attachment":[{"href":"https:\/\/agromt.news\/index.php?rest_route=%2Fwp%2Fv2%2Fmedia&parent=21386"}],"wp:term":[{"taxonomy":"category","embeddable":true,"href":"https:\/\/agromt.news\/index.php?rest_route=%2Fwp%2Fv2%2Fcategories&post=21386"},{"taxonomy":"post_tag","embeddable":true,"href":"https:\/\/agromt.news\/index.php?rest_route=%2Fwp%2Fv2%2Ftags&post=21386"}],"curies":[{"name":"wp","href":"https:\/\/api.w.org\/{rel}","templated":true}]}}