{"id":21330,"date":"2025-10-02T15:25:51","date_gmt":"2025-10-02T19:25:51","guid":{"rendered":"https:\/\/agromt.news\/?p=21330"},"modified":"2025-10-02T15:25:51","modified_gmt":"2025-10-02T19:25:51","slug":"jovem-faz-gestao-de-funcionarios-e-ajuda-nos-partos-em-granja-suina-da-familia","status":"publish","type":"post","link":"https:\/\/agromt.news\/?p=21330","title":{"rendered":"Jovem faz gest\u00e3o de funcion\u00e1rios e ajuda nos partos em granja su\u00edna da fam\u00edlia"},"content":{"rendered":"<p> <br \/>\n<br \/><img decoding=\"async\" src=\"https:\/\/agromt.news\/wp-content\/uploads\/2024\/11\/media-de-outubro-avanca-pelo-sexto-mes-seguido.jpg\" \/><\/p>\n<div>\n<p>A catarinense D\u00e9bora Bourcheidt \u00e9 um dos exemplos de que a paix\u00e3o pelo campo transcende gera\u00e7\u00f5es. Aos 16 anos ela teve o seu primeiro registro em carteira na granja de su\u00ednos da fam\u00edlia e, desde ent\u00e3o, n\u00e3o largou mais o of\u00edcio.<\/p>\n<p>Segundo ela, em 2002 seus pais e tios constru\u00edram uma granja para 250 matrizes em Santa F\u00e9 Baixa, interior de Itapiranga, em Santa Catarina. Com o tempo o espa\u00e7o foi evoluindo e hoje em dia s\u00e3o cerca de 2.300, mas o projeto que est\u00e1 em andamento pretende abrigar mais de 3 mil.<\/p>\n<p><iframe title=\"Jovem de SC assume desafios e carreira na suinocultura da fam\u00edlia\" width=\"800\" height=\"450\" src=\"https:\/\/www.youtube.com\/embed\/Q61W3rjid1E?feature=oembed\" frameborder=\"0\" allow=\"accelerometer; autoplay; clipboard-write; encrypted-media; gyroscope; picture-in-picture; web-share\" referrerpolicy=\"strict-origin-when-cross-origin\" allowfullscreen><\/iframe><noscript><iframe title=\"Jovem de SC assume desafios e carreira na suinocultura da fam\u00edlia\" width=\"800\" height=\"450\" src=\"https:\/\/www.youtube.com\/embed\/Q61W3rjid1E?feature=oembed\" frameborder=\"0\" allow=\"accelerometer; autoplay; clipboard-write; encrypted-media; gyroscope; picture-in-picture; web-share\" referrerpolicy=\"strict-origin-when-cross-origin\" allowfullscreen><\/iframe><\/noscript><\/p>\n<p>\u201cA gente tem oito galp\u00f5es de su\u00ednos e agora estamos construindo o nono. Faz 23 anos que a gente tem a granja e desde pequena eu estou envolvida aqui. Sempre meus pais me levavam junto na granja, no meio dos porquinhos, em cima do carrinho de ra\u00e7\u00e3o. A gente tratava as porcas, ia brincando e ajudando\u201d, lembra.<\/p>\n<p>Segundo D\u00e9bora, quando iniciou os trabalhos na granja, passou a estudar \u00e0 noite. \u201cHoje, cuido dos funcion\u00e1rios, de escrit\u00f3rio, de lan\u00e7amentos, planilhas, toda essa parte sou eu que cuido e ainda ajudo dentro da granja, no carregamento, nos partos\u201d, detalha.<\/p>\n<p>Ela conta que seus planos s\u00e3o o de seguir a sucess\u00e3o familiar na granja e, talvez, fazer medicina veterin\u00e1ria para ter mais conhecimento na \u00e1rea. \u201cMas, a princ\u00edpio, vai ser ficar aqui na granja e trabalhar com a minha fam\u00edlia.\u201d<\/p>\n<p>D\u00e9bora conta que o local conta com cerca de 15 funcion\u00e1rios, al\u00e9m da m\u00e3e, do pai e dos tios. Al\u00e9m disso, os primos tamb\u00e9m come\u00e7aram a tomar gosto pela atividade e a ajudar no dia a dia. \u201cS\u00e3o mais de 20 anos que minha fam\u00edlia est\u00e1 no ramo da suinocultura e acredito que aqui a sucess\u00e3o familiar \u00e9 bem forte e a gente vai ficar aqui lutando pelo o que a nossa fam\u00edlia construiu e fortalecendo sempre o agroneg\u00f3cio na nossa regi\u00e3o\u201d, finaliza.<\/p>\n<\/p><\/div>\n<p><br \/>\n<br \/><a href=\"https:\/\/www.canalrural.com.br\/aves-e-suinos\/jovem-faz-gestao-de-funcionarios-e-ajuda-nos-partos-em-granja-suina-da-familia\/\">Source link <\/a><\/p>\n","protected":false},"excerpt":{"rendered":"<p>A catarinense D\u00e9bora Bourcheidt \u00e9 um dos exemplos de que a paix\u00e3o pelo campo transcende gera\u00e7\u00f5es. Aos 16 anos ela<\/p>\n","protected":false},"author":1,"featured_media":21331,"comment_status":"open","ping_status":"open","sticky":false,"template":"","format":"standard","meta":{"_monsterinsights_skip_tracking":false,"_monsterinsights_sitenote_active":false,"_monsterinsights_sitenote_note":"","_monsterinsights_sitenote_category":0,"_uf_show_specific_survey":0,"_uf_disable_surveys":false,"footnotes":""},"categories":[1],"tags":[],"class_list":["post-21330","post","type-post","status-publish","format-standard","has-post-thumbnail","hentry","category-news"],"_links":{"self":[{"href":"https:\/\/agromt.news\/index.php?rest_route=\/wp\/v2\/posts\/21330"}],"collection":[{"href":"https:\/\/agromt.news\/index.php?rest_route=\/wp\/v2\/posts"}],"about":[{"href":"https:\/\/agromt.news\/index.php?rest_route=\/wp\/v2\/types\/post"}],"author":[{"embeddable":true,"href":"https:\/\/agromt.news\/index.php?rest_route=\/wp\/v2\/users\/1"}],"replies":[{"embeddable":true,"href":"https:\/\/agromt.news\/index.php?rest_route=%2Fwp%2Fv2%2Fcomments&post=21330"}],"version-history":[{"count":0,"href":"https:\/\/agromt.news\/index.php?rest_route=\/wp\/v2\/posts\/21330\/revisions"}],"wp:featuredmedia":[{"embeddable":true,"href":"https:\/\/agromt.news\/index.php?rest_route=\/wp\/v2\/media\/21331"}],"wp:attachment":[{"href":"https:\/\/agromt.news\/index.php?rest_route=%2Fwp%2Fv2%2Fmedia&parent=21330"}],"wp:term":[{"taxonomy":"category","embeddable":true,"href":"https:\/\/agromt.news\/index.php?rest_route=%2Fwp%2Fv2%2Fcategories&post=21330"},{"taxonomy":"post_tag","embeddable":true,"href":"https:\/\/agromt.news\/index.php?rest_route=%2Fwp%2Fv2%2Ftags&post=21330"}],"curies":[{"name":"wp","href":"https:\/\/api.w.org\/{rel}","templated":true}]}}