{"id":21307,"date":"2025-10-02T12:16:21","date_gmt":"2025-10-02T16:16:21","guid":{"rendered":"https:\/\/agromt.news\/?p=21307"},"modified":"2025-10-02T12:16:21","modified_gmt":"2025-10-02T16:16:21","slug":"chuvas-impulsionam-expectativas-para-cafeicultura","status":"publish","type":"post","link":"https:\/\/agromt.news\/?p=21307","title":{"rendered":"Chuvas impulsionam expectativas para cafeicultura"},"content":{"rendered":"<p> <br \/>\n<\/p>\n<div>\n<div class=\"row\">\n<div class=\"col-lg col-infos mt-0 mt-lg-0\">\n<div class=\"section-sub-title\">\n<p itemprop=\"description\">&#13;<br \/>\n                                Chuvas beneficiam lavouras de caf\u00e9 e aumentam as expectativas para 2026\/27&#13;\n                            <\/p>\n<\/p><\/div>\n<div class=\"container\">\n<div class=\"row\">\n<div class=\"col-lg p-0 text-lg-end\">\n<div>\n<div id=\"mdEnviarPagina\" class=\"modal fade\" role=\"dialog\">\n<div class=\"modal-dialog\">\n<div class=\"modal-content\">\n<div class=\"modal-body\">\n<p><strong>Estimado usu\u00e1rio.<\/strong><br \/>Preencha o formul\u00e1rio abaixo para remeter a p\u00e1gina.<\/p>\n<\/p><\/div>\n<\/p><\/div>\n<\/p><\/div>\n<\/div><\/div>\n<\/p><\/div>\n<\/p><\/div>\n<\/p><\/div>\n<\/p><\/div>\n<\/p><\/div>\n<div class=\"row justify-content-md-center mt-3\">\n<div class=\"col-lg-auto col-image block-news-main-image\">\n<p>                                <img decoding=\"async\" src=\"https:\/\/www.agrolink.com.br\/upload\/imagens-resizes\/ab89f0b07d494165a3680a30c35f53ab_858x483.jpg\" class=\"lazyload img-fluid\"\/><br \/>\n                                                <span class=\"publicity-photo d-block mt-1\">Foto: Divulga\u00e7\u00e3o <\/span><\/p><\/div>\n<\/p><\/div>\n<div class=\"section-description section-description-noticias mt-3\">\n<p style=\"text-align:justify\">\\Chuvas em meados de setembro animaram cafeicultores brasileiros, \u00e0 medida que devem favorecer o desenvolvimento da safra 2026\/27. Segundo pesquisadores do Cepea, produtores, agora, est\u00e3o \u00e0 espera da abertura das flores na maioria das lavouras de ar\u00e1bica da regi\u00e3o Sudeste do Brasil. At\u00e9 o encerramento do m\u00eas, alguns agentes consultados pelo Cepea j\u00e1 sinalizavam come\u00e7o de flora\u00e7\u00e3o em certos talh\u00f5es, mas uma parcela mais significativa deve florescer nestes primeiros dias de outubro.&#13;\n<\/p>\n<p style=\"text-align:justify\">J\u00e1 nas regi\u00f5es irrigadas, colaboradores do Cepea informam que as lavouras apresentam uma florada significativa, indicando bom potencial para a pr\u00f3xima safra. Nas \u00e1reas de sequeiro, a flora\u00e7\u00e3o est\u00e1 um pouco mais atrasada.\u00a0Diante disso, \u00e9 fundamental que as chuvas persistam neste momento, o que evitaria o abortamento das flores que j\u00e1 abriram e garantiria o desenvolvimento da produ\u00e7\u00e3o.\u00a0&#13;\n<\/p>\n<p style=\"text-align:justify\">Pesquisadores do Cepea destacam que a safra 2026\/27 do Brasil \u00e9 bastante aguardada como alternativa para, ao menos, melhorar os estoques globais de caf\u00e9, j\u00e1 que a temporada 2025\/26 ficou abaixo das expectativas no beneficiamento dos lotes. Assim, qualquer possibilidade de redu\u00e7\u00e3o do potencial da pr\u00f3xima safra gera grande inseguran\u00e7a no mercado, intensificando a atual volatilidade.\u00a0&#13;\n<\/p>\n<\/p><\/div>\n<\/p><\/div>\n<p><script data-cfasync=\"false\">\n    !function (f, b, e, v, n, t, s) {\n        if (f.fbq) return; n = f.fbq = function () {\n            n.callMethod ?\n                n.callMethod.apply(n, arguments) : n.queue.push(arguments)\n        };\n        if (!f._fbq) f._fbq = n; n.push = n; n.loaded = !0; n.version = '2.0';\n        n.queue = []; t = b.createElement(e); t.async = !0;\n        t.src = v; s = b.getElementsByTagName(e)[0];\n        s.parentNode.insertBefore(t, s)\n    }(window, document, 'script',\n        'https:\/\/connect.facebook.net\/en_US\/fbevents.js');\n    fbq('init', '522546078623747');\n    fbq('track', 'PageView');\n<\/script><br \/>\n<br \/><br \/>\n<br \/><a href=\"https:\/\/www.agrolink.com.br\/noticias\/cafe-cepea--chuvas-animam-cafeicultores_506562.html\">Source link <\/a><\/p>\n","protected":false},"excerpt":{"rendered":"<p>&#13; Chuvas beneficiam lavouras de caf\u00e9 e aumentam as expectativas para 2026\/27&#13; Estimado usu\u00e1rio.Preencha o formul\u00e1rio abaixo para remeter a<\/p>\n","protected":false},"author":1,"featured_media":21308,"comment_status":"open","ping_status":"open","sticky":false,"template":"","format":"standard","meta":{"_monsterinsights_skip_tracking":false,"_monsterinsights_sitenote_active":false,"_monsterinsights_sitenote_note":"","_monsterinsights_sitenote_category":0,"_uf_show_specific_survey":0,"_uf_disable_surveys":false,"footnotes":""},"categories":[8,1,14],"tags":[],"class_list":["post-21307","post","type-post","status-publish","format-standard","has-post-thumbnail","hentry","category-agro","category-news","category-politica-agro"],"_links":{"self":[{"href":"https:\/\/agromt.news\/index.php?rest_route=\/wp\/v2\/posts\/21307"}],"collection":[{"href":"https:\/\/agromt.news\/index.php?rest_route=\/wp\/v2\/posts"}],"about":[{"href":"https:\/\/agromt.news\/index.php?rest_route=\/wp\/v2\/types\/post"}],"author":[{"embeddable":true,"href":"https:\/\/agromt.news\/index.php?rest_route=\/wp\/v2\/users\/1"}],"replies":[{"embeddable":true,"href":"https:\/\/agromt.news\/index.php?rest_route=%2Fwp%2Fv2%2Fcomments&post=21307"}],"version-history":[{"count":0,"href":"https:\/\/agromt.news\/index.php?rest_route=\/wp\/v2\/posts\/21307\/revisions"}],"wp:featuredmedia":[{"embeddable":true,"href":"https:\/\/agromt.news\/index.php?rest_route=\/wp\/v2\/media\/21308"}],"wp:attachment":[{"href":"https:\/\/agromt.news\/index.php?rest_route=%2Fwp%2Fv2%2Fmedia&parent=21307"}],"wp:term":[{"taxonomy":"category","embeddable":true,"href":"https:\/\/agromt.news\/index.php?rest_route=%2Fwp%2Fv2%2Fcategories&post=21307"},{"taxonomy":"post_tag","embeddable":true,"href":"https:\/\/agromt.news\/index.php?rest_route=%2Fwp%2Fv2%2Ftags&post=21307"}],"curies":[{"name":"wp","href":"https:\/\/api.w.org\/{rel}","templated":true}]}}