{"id":21300,"date":"2025-10-02T11:28:19","date_gmt":"2025-10-02T15:28:19","guid":{"rendered":"https:\/\/agromt.news\/?p=21300"},"modified":"2025-10-02T11:28:19","modified_gmt":"2025-10-02T15:28:19","slug":"especialistas-debatem-em-sp-impactos-da-mudanca-climatica-na-mata-atlantica","status":"publish","type":"post","link":"https:\/\/agromt.news\/?p=21300","title":{"rendered":"Especialistas debatem em SP impactos da mudan\u00e7a clim\u00e1tica na Mata Atl\u00e2ntica"},"content":{"rendered":"<p> <br \/>\n<br \/><img decoding=\"async\" src=\"https:\/\/agromt.news\/wp-content\/uploads\/2025\/10\/Especialistas-debatem-em-SP-impactos-da-mudanca-climatica-na-Mata.jpeg\" \/><\/p>\n<div>\n<p>Carlos Nobre, professor do Instituto de Estudos Avan\u00e7ados da Universidade de S\u00e3o Paulo (USP) e copresidente do Painel Cient\u00edfico para a Amaz\u00f4nia (SPA), um dos mais respeitados cientistas do mundo dedicados ao tema mudan\u00e7a clim\u00e1tica, ser\u00e1 conferencista na s\u00e9tima e \u00faltima edi\u00e7\u00e3o dos <strong><a href=\"http:\/\/www.canalrural.com.br\/tag\/dialogos-pelo-clima\/\">Di\u00e1logos pelo Clima<\/a><\/strong>, promovidos pela Embrapa. O evento, com foco no bioma Mata Atl\u00e2ntica, ocorrer\u00e1 no dia 8 de outubro, das 8h30 \u00e0s 17 horas, no Cubo Ita\u00fa, Vila Ol\u00edmpia, na capital paulista.<\/p>\n<p>Os Di\u00e1logos pelo Clima s\u00e3o um circuito de debates de car\u00e1ter t\u00e9cnico-cient\u00edfico-institucional que vem percorrendo os biomas brasileiros, em prepara\u00e7\u00e3o para a 30\u00aa Confer\u00eancia das Na\u00e7\u00f5es Unidas sobre Mudan\u00e7a do Clima (COP30). <\/p>\n<p>Re\u00fanem representantes do governo, de institui\u00e7\u00f5es cient\u00edficas, de empresas p\u00fablicas e privadas e da sociedade civil, al\u00e9m de formadores de opini\u00e3o e demais lideran\u00e7as, em palestras e mesas-redondas, com o objetivo de ampliar e aprofundar o debate p\u00fablico acerca da mudan\u00e7a clim\u00e1tica, seus efeitos negativos sobre os biomas e sistemas produtivos, al\u00e9m de oportunidades e solu\u00e7\u00f5es visando ao seu enfrentamento.<\/p>\n<p>Tamb\u00e9m ser\u00e3o conferencistas na s\u00e9tima edi\u00e7\u00e3o do circuito Ana Toni, diretora-executiva da COP30 e secret\u00e1ria nacional de Mudan\u00e7a do Clima, do Minist\u00e9rio de Meio Ambiente e Mudan\u00e7a do Clima; os enviados especiais pelo governo federal na COP30 Paulo Petersen, da Articula\u00e7\u00e3o Nacional de Agroecologia e da diretoria da Associa\u00e7\u00e3o Brasileira de Agroecologia; Andr\u00e9 Guimar\u00e3es, diretor-executivo do Instituto de Pesquisa Ambiental da Amaz\u00f4nia (Ipam); e Frederico Assis, presidente do conselho da Empresa Brasileira de Comunica\u00e7\u00e3o (EBC); al\u00e9m de Mariana Vasconcelos, cofundadora e CEO da empresa Agrosmart.<\/p>\n<p>A mesa de abertura dos debates ser\u00e1 conduzida pela presidente da Embrapa e anfitri\u00e3 do evento, Silvia Massruh\u00e1, e pelo tamb\u00e9m enviado especial na COP30, o embaixador da FAO para o cooperativismo e ex-ministro da Agricultura Roberto Rodrigues.<\/p>\n<p>\u201cA iniciativa Di\u00e1logos pelo Clima \u00e9 a ponte que a Embrapa est\u00e1 construindo para conectar a ci\u00eancia de excel\u00eancia, a voz da sociedade e o poder de a\u00e7\u00e3o das pol\u00edticas p\u00fablicas. Acreditamos que as melhores estrat\u00e9gias nascem do di\u00e1logo. Por isso, criamos esse espa\u00e7o para que, juntos, possamos traduzir evid\u00eancias em a\u00e7\u00f5es eficazes, reafirmando nosso compromisso com um futuro pr\u00f3spero, colaborativo e sustent\u00e1vel para todos\u201d, afirma Silvia Massruh\u00e1. <\/p>\n<h2 class=\"wp-block-heading\" id=\"h-mata-atlantica-encerra-ciclo-de-debates\">Mata Atl\u00e2ntica encerra ciclo de debates<\/h2>\n<p>\u201cNa edi\u00e7\u00e3o Mata Atl\u00e2ntica, que ser\u00e1 realizada em S\u00e3o Paulo e encerra esse ciclo de debates, temos a expectativa de agregar lideran\u00e7as de diversas frentes discutindo como concretizar a posi\u00e7\u00e3o do Brasil como pa\u00eds respons\u00e1vel por mostrar que \u00e9 poss\u00edvel sim ter uma agricultura sustent\u00e1vel, regenerativa e inteligente\u201d, diz a presidente da Embrpa.<\/p>\n<p>Roberto Rodrigues esteve tamb\u00e9m na primeira edi\u00e7\u00e3o dos Di\u00e1logos pelo Clima, em maio deste ano, Em sua palestra, na ocasi\u00e3o, enfatizou o papel estrat\u00e9gico da agricultura tropical brasileira no enfrentamento dos desafios clim\u00e1ticos e no desenvolvimento sustent\u00e1vel.<\/p>\n<h3 class=\"wp-block-heading\" id=\"h-percepcoes-consolidadas\"><strong>Percep\u00e7\u00f5es consolidadas<\/strong><\/h3>\n<p>Os resultados dos debates na capital paulista, com foco na Mata Atl\u00e2ntica, se somar\u00e3o \u00e0s contribui\u00e7\u00f5es levantadas nos eventos ocorridos em Cuiab\u00e1 (MT, 26 de maio), Corumb\u00e1 (MS, 12 de junho), Manaus (AM, 2 de julho), Porto Alegre (RS, 6 de agosto) e Fortaleza (CE, 16 de setembro), direcionados, respectivamente, aos biomas Cerrado, Pantanal, Amaz\u00f4nia, Pampa (e a Mata Atl\u00e2ntica presente nos estados do Sul) e Caatinga.<\/p>\n<p>O intuito \u00e9 que essas contribui\u00e7\u00f5es sejam consolidadas em um documento a ser entregue no fim de outubro ao embaixador Andr\u00e9 Corr\u00eaa do Lago, presidente da COP30, e possam subsidiar a formula\u00e7\u00e3o de pol\u00edticas p\u00fablicas e apoiar os negociadores brasileiros durante a Confer\u00eancia, a ser realizada de 11 a 20 de novembro em Bel\u00e9m (PA).<\/p>\n<\/p><\/div>\n<p><br \/>\n<br \/><a href=\"https:\/\/www.canalrural.com.br\/cop30\/especialistas-debatem-em-sp-impactos-da-mudanca-climatica-na-mata-atlantica\/\">Source link <\/a><\/p>\n","protected":false},"excerpt":{"rendered":"<p>Carlos Nobre, professor do Instituto de Estudos Avan\u00e7ados da Universidade de S\u00e3o Paulo (USP) e copresidente do Painel Cient\u00edfico para<\/p>\n","protected":false},"author":1,"featured_media":21301,"comment_status":"open","ping_status":"open","sticky":false,"template":"","format":"standard","meta":{"_monsterinsights_skip_tracking":false,"_monsterinsights_sitenote_active":false,"_monsterinsights_sitenote_note":"","_monsterinsights_sitenote_category":0,"_uf_show_specific_survey":0,"_uf_disable_surveys":false,"footnotes":""},"categories":[1],"tags":[],"class_list":["post-21300","post","type-post","status-publish","format-standard","has-post-thumbnail","hentry","category-news"],"_links":{"self":[{"href":"https:\/\/agromt.news\/index.php?rest_route=\/wp\/v2\/posts\/21300"}],"collection":[{"href":"https:\/\/agromt.news\/index.php?rest_route=\/wp\/v2\/posts"}],"about":[{"href":"https:\/\/agromt.news\/index.php?rest_route=\/wp\/v2\/types\/post"}],"author":[{"embeddable":true,"href":"https:\/\/agromt.news\/index.php?rest_route=\/wp\/v2\/users\/1"}],"replies":[{"embeddable":true,"href":"https:\/\/agromt.news\/index.php?rest_route=%2Fwp%2Fv2%2Fcomments&post=21300"}],"version-history":[{"count":0,"href":"https:\/\/agromt.news\/index.php?rest_route=\/wp\/v2\/posts\/21300\/revisions"}],"wp:featuredmedia":[{"embeddable":true,"href":"https:\/\/agromt.news\/index.php?rest_route=\/wp\/v2\/media\/21301"}],"wp:attachment":[{"href":"https:\/\/agromt.news\/index.php?rest_route=%2Fwp%2Fv2%2Fmedia&parent=21300"}],"wp:term":[{"taxonomy":"category","embeddable":true,"href":"https:\/\/agromt.news\/index.php?rest_route=%2Fwp%2Fv2%2Fcategories&post=21300"},{"taxonomy":"post_tag","embeddable":true,"href":"https:\/\/agromt.news\/index.php?rest_route=%2Fwp%2Fv2%2Ftags&post=21300"}],"curies":[{"name":"wp","href":"https:\/\/api.w.org\/{rel}","templated":true}]}}