{"id":21292,"date":"2025-10-02T09:49:22","date_gmt":"2025-10-02T13:49:22","guid":{"rendered":"https:\/\/agromt.news\/?p=21292"},"modified":"2025-10-02T09:49:22","modified_gmt":"2025-10-02T13:49:22","slug":"isencao-do-ir-e-fim-de-distorcao-historica","status":"publish","type":"post","link":"https:\/\/agromt.news\/?p=21292","title":{"rendered":"Isen\u00e7\u00e3o do IR \u00e9 fim de distor\u00e7\u00e3o hist\u00f3rica"},"content":{"rendered":"<p> <br \/>\n<\/p>\n<div>\n<p>O <a href=\"https:\/\/www.canalrural.com.br\/diversos\/camara-aprova-isencao-do-ir-para-quem-ganha-ate-r-5-mil\/\">projeto aprovado pela C\u00e2mara dos Deputados<\/a> que amplia a faixa de isen\u00e7\u00e3o do Imposto de Renda para at\u00e9 R$ 5 mil mensais representa mais do que uma mudan\u00e7a t\u00e9cnica: \u00e9 a corre\u00e7\u00e3o de uma injusti\u00e7a tribut\u00e1ria que pesou no bolso de milh\u00f5es de trabalhadores. Durante anos, a tabela ficou defasada, corro\u00edda pela infla\u00e7\u00e3o, levando contribuintes de renda m\u00e9dia a pagar imposto como se tivessem tido aumento real, quando na pr\u00e1tica apenas perdiam poder de compra. A decis\u00e3o corrige parte dessa distor\u00e7\u00e3o, devolvendo justi\u00e7a a quem vinha sendo penalizado silenciosamente.<\/p>\n<p>A medida beneficia diretamente milh\u00f5es de pessoas, especialmente da classe m\u00e9dia, e traz uma sinaliza\u00e7\u00e3o importante: o sistema tribut\u00e1rio deve respeitar o princ\u00edpio da capacidade contributiva, segundo o qual quem pode mais paga mais, sem esmagar quem pode menos. Al\u00e9m disso, reduz a tributa\u00e7\u00e3o sobre um poder aquisitivo fict\u00edcio, j\u00e1 corro\u00eddo pela infla\u00e7\u00e3o, e alivia o consumo das fam\u00edlias, o que tamb\u00e9m gera reflexos positivos na economia real.<\/p>\n<p>Para financiar o benef\u00edcio e evitar um rombo fiscal, o projeto prev\u00ea\u00a0novas al\u00edquotas para os mais ricos: rendas anuais acima de R$ 600 mil (cerca de R$ 50 mil por m\u00eas) ter\u00e3o acr\u00e9scimo de at\u00e9 10% na al\u00edquota do IR. Na pr\u00e1tica, isso significa que uma parcela muito pequena da popula\u00e7\u00e3o, os contribuintes de alta renda, ser\u00e1 chamada a contribuir mais, compensando a perda de arrecada\u00e7\u00e3o. Essa redistribui\u00e7\u00e3o, al\u00e9m de corrigir a injusti\u00e7a hist\u00f3rica da tabela defasada, refor\u00e7a a progressividade do imposto de renda.<\/p>\n<p>\u00c9 verdade que o custo fiscal ainda \u00e9 elevado, estimado em cerca de R$ 25 bilh\u00f5es, e que ser\u00e1 preciso monitorar os efeitos sobre a arrecada\u00e7\u00e3o. Tamb\u00e9m h\u00e1 o risco de que, sem uma regra de corre\u00e7\u00e3o autom\u00e1tica, a mesma injusti\u00e7a volte a se repetir no futuro. Mas o simbolismo \u00e9 ineg\u00e1vel: trata-se de um passo civilizat\u00f3rio em dire\u00e7\u00e3o a um sistema mais justo, num pa\u00eds onde a carga tribut\u00e1ria pesa desproporcionalmente sobre os que menos podem.<\/p>\n<p>A aprova\u00e7\u00e3o da nova tabela do IR \u00e9 um avan\u00e7o importante, mas n\u00e3o definitivo. Se o Brasil deseja construir um sistema tribut\u00e1rio mais justo, ser\u00e1 preciso garantir corre\u00e7\u00f5es peri\u00f3dicas e discutir uma reforma mais ampla, que reduza o peso sobre o trabalho e distribua melhor a carga entre consumo, renda e patrim\u00f4nio. A mudan\u00e7a atual \u00e9 um al\u00edvio imediato para milh\u00f5es de brasileiros, mas deve ser vista como ponto de partida, na luta pela verdadeira justi\u00e7a fiscal.<\/p>\n<div class=\"wp-block-media-text is-stacked-on-mobile\">\n<figure class=\"wp-block-media-text__media\"><img fetchpriority=\"high\" decoding=\"async\" width=\"683\" height=\"1024\" src=\"https:\/\/agromt.news\/wp-content\/uploads\/2025\/04\/Como-guerras-e-crises-moldaram-o-preco-das-commodities-nos.jpg\" alt=\"Miguel Daoud\" class=\"wp-image-4095706 size-full\"  \/><\/figure>\n<div class=\"wp-block-media-text__content\">\n<p class=\"has-text-align-center\">*<em><strong>Miguel Daoud<\/strong>\u00a0\u00e9 comentarista de Economia e Pol\u00edtica\u00a0do Canal Rural<\/em><\/p>\n<\/div>\n<\/div>\n<hr class=\"wp-block-separator has-alpha-channel-opacity\"\/>\n<p><em>O\u00a0<strong>Canal Rural<\/strong>\u00a0n\u00e3o se responsabiliza pelas opini\u00f5es e conceitos emitidos nos textos desta sess\u00e3o, sendo os conte\u00fados de inteira responsabilidade de seus autores. A empresa se reserva o direito de fazer ajustes no texto para adequa\u00e7\u00e3o \u00e0s normas de publica\u00e7\u00e3o.<\/em><\/p>\n<\/p><\/div>\n<p><br \/>\n<br \/><a href=\"https:\/\/www.canalrural.com.br\/opiniao-noticias\/isencao-do-ir-e-fim-de-distorcao-historica\/\">Source link <\/a><\/p>\n","protected":false},"excerpt":{"rendered":"<p>O projeto aprovado pela C\u00e2mara dos Deputados que amplia a faixa de isen\u00e7\u00e3o do Imposto de Renda para at\u00e9 R$<\/p>\n","protected":false},"author":1,"featured_media":11042,"comment_status":"open","ping_status":"open","sticky":false,"template":"","format":"standard","meta":{"_monsterinsights_skip_tracking":false,"_monsterinsights_sitenote_active":false,"_monsterinsights_sitenote_note":"","_monsterinsights_sitenote_category":0,"_uf_show_specific_survey":0,"_uf_disable_surveys":false,"footnotes":""},"categories":[1],"tags":[],"class_list":["post-21292","post","type-post","status-publish","format-standard","has-post-thumbnail","hentry","category-news"],"_links":{"self":[{"href":"https:\/\/agromt.news\/index.php?rest_route=\/wp\/v2\/posts\/21292"}],"collection":[{"href":"https:\/\/agromt.news\/index.php?rest_route=\/wp\/v2\/posts"}],"about":[{"href":"https:\/\/agromt.news\/index.php?rest_route=\/wp\/v2\/types\/post"}],"author":[{"embeddable":true,"href":"https:\/\/agromt.news\/index.php?rest_route=\/wp\/v2\/users\/1"}],"replies":[{"embeddable":true,"href":"https:\/\/agromt.news\/index.php?rest_route=%2Fwp%2Fv2%2Fcomments&post=21292"}],"version-history":[{"count":0,"href":"https:\/\/agromt.news\/index.php?rest_route=\/wp\/v2\/posts\/21292\/revisions"}],"wp:featuredmedia":[{"embeddable":true,"href":"https:\/\/agromt.news\/index.php?rest_route=\/wp\/v2\/media\/11042"}],"wp:attachment":[{"href":"https:\/\/agromt.news\/index.php?rest_route=%2Fwp%2Fv2%2Fmedia&parent=21292"}],"wp:term":[{"taxonomy":"category","embeddable":true,"href":"https:\/\/agromt.news\/index.php?rest_route=%2Fwp%2Fv2%2Fcategories&post=21292"},{"taxonomy":"post_tag","embeddable":true,"href":"https:\/\/agromt.news\/index.php?rest_route=%2Fwp%2Fv2%2Ftags&post=21292"}],"curies":[{"name":"wp","href":"https:\/\/api.w.org\/{rel}","templated":true}]}}