{"id":21287,"date":"2025-10-02T08:22:32","date_gmt":"2025-10-02T12:22:32","guid":{"rendered":"https:\/\/agromt.news\/?p=21287"},"modified":"2025-10-02T08:22:32","modified_gmt":"2025-10-02T12:22:32","slug":"exportacoes-e-dolar-podem-aliviar-pressao-no-algodao","status":"publish","type":"post","link":"https:\/\/agromt.news\/?p=21287","title":{"rendered":"Exporta\u00e7\u00f5es e d\u00f3lar podem aliviar press\u00e3o no algod\u00e3o"},"content":{"rendered":"<p> <br \/>\n<\/p>\n<div>\n<div class=\"row\">\n<div class=\"col-lg col-infos mt-0 mt-lg-0\">\n<div class=\"section-sub-title\">\n<p itemprop=\"description\">&#13;<br \/>\n                                A safra de algod\u00e3o 2025\/26 no Brasil come\u00e7a com expectativa de crescimento&#13;\n                            <\/p>\n<\/p><\/div>\n<div class=\"container\">\n<div class=\"row\">\n<div class=\"col-lg p-0\">\n<div>\n<div class=\"block-news-main-infos mt-3 text-start\">\n<p>                                            <strong class=\"fn\" itemprop=\"author\" style=\"color: rgb(112, 112, 112); \">&#13;<br \/>\n                                                <a href=\"https:\/\/www.agrolink.com.br\/noticias\/javascript:;\" class=\"text-uppercase\" target=\"_blank\" style=\"color: rgb(112, 112, 112); \" rel=\"noopener\">Agrolink<\/a>&#13;<br \/>\n&#13;<br \/>\n                                                    &#8211; Aline Merladete&#13;<br \/>\n&#13;<br \/>\n                                            <\/strong><br \/>\n                                        <\/p>\n<p>                                            <abbr><time datetime=\"2025 - 10 - 02T06:00\" itemprop=\"datePublished dateModified\"> Publicado em 02\/10\/2025 \u00e0s 06:00h.<\/time><\/abbr>\n                                    <\/div>\n<\/p><\/div>\n<\/p><\/div>\n<div class=\"col-lg p-0 text-lg-end\">\n<div>\n<div id=\"mdEnviarPagina\" class=\"modal fade\" role=\"dialog\">\n<div class=\"modal-dialog\">\n<div class=\"modal-content\">\n<div class=\"modal-body\">\n<p><strong>Estimado usu\u00e1rio.<\/strong><br \/>Preencha o formul\u00e1rio abaixo para remeter a p\u00e1gina.<\/p>\n<\/p><\/div>\n<\/p><\/div>\n<\/p><\/div>\n<\/div><\/div>\n<\/p><\/div>\n<\/p><\/div>\n<\/p><\/div>\n<\/p><\/div>\n<\/p><\/div>\n<div class=\"row justify-content-md-center mt-3\">\n<div class=\"col-lg-auto col-image block-news-main-image\">\n<p>                                <img decoding=\"async\" src=\"https:\/\/www.agrolink.com.br\/upload\/imagens-resizes\/1e61e6805570474ba9c64650a88732dd_858x483.jpg\" class=\"lazyload img-fluid\"\/><br \/>\n                                                <span class=\"publicity-photo d-block mt-1\">Foto: Canva<\/span><\/p><\/div>\n<\/p><\/div>\n<div class=\"section-description section-description-noticias mt-3\">\n<p style=\"text-align:justify\">A safra de <a href=\"https:\/\/www.agrolink.com.br\/culturas\/algodao\/\" target=\"_blank\" rel=\"noopener\">algod\u00e3o<\/a> 2025\/26 no Brasil come\u00e7a com expectativa de crescimento de \u00e1rea e rendimento est\u00e1vel, mesmo diante de incertezas no mercado e no clima. De acordo com a C\u00e9leres, o cultivo deve se beneficiar de condi\u00e7\u00f5es meteorol\u00f3gicas pr\u00f3ximas da neutralidade, o que pode sustentar produtividades dentro da m\u00e9dia hist\u00f3rica.&#13;\n<\/p>\n<p style=\"text-align:justify\">Com uma poss\u00edvel La Ni\u00f1a de baixa intensidade em forma\u00e7\u00e3o, os riscos clim\u00e1ticos para o algod\u00e3o se tornam menos acentuados, favorecendo o planejamento agr\u00edcola no Cerrado, principal polo de produ\u00e7\u00e3o do pa\u00eds. A janela de plantio, especialmente para a segunda safra, tende a se manter dentro do cronograma ideal.<\/p>\n<p style=\"text-align:justify\">Al\u00e9m do clima, o mercado internacional do algod\u00e3o tamb\u00e9m exerce influ\u00eancia relevante. A demanda global segue moderada, e os pre\u00e7os internacionais n\u00e3o sinalizam recupera\u00e7\u00e3o expressiva no curto prazo. Ainda assim, o Brasil aposta na sua efici\u00eancia produtiva para manter competitividade.&#13;\n<\/p>\n<p style=\"text-align:justify\">A valoriza\u00e7\u00e3o do d\u00f3lar frente ao real poderia favorecer as exporta\u00e7\u00f5es, mas as margens seguem pressionadas pelos altos custos de insumos e financiamento. A gest\u00e3o eficiente de recursos ser\u00e1 determinante para a rentabilidade da cultura.<\/p>\n<p style=\"text-align:justify\">Outro fator que impacta o algod\u00e3o \u00e9 a necessidade crescente de pr\u00e1ticas sustent\u00e1veis, com certifica\u00e7\u00f5es ganhando relev\u00e2ncia nas negocia\u00e7\u00f5es internacionais. A rastreabilidade e boas pr\u00e1ticas agr\u00edcolas podem funcionar como diferenciais em mercados exigentes.\u00a0Combinando clima relativamente est\u00e1vel e foco em produtividade, o algod\u00e3o brasileiro inicia a temporada com potencial de manter sua relev\u00e2ncia global, mesmo diante de um cen\u00e1rio econ\u00f4mico desafiador.<\/p>\n<\/p><\/div>\n<\/p><\/div>\n<p><script data-cfasync=\"false\">\n    !function (f, b, e, v, n, t, s) {\n        if (f.fbq) return; n = f.fbq = function () {\n            n.callMethod ?\n                n.callMethod.apply(n, arguments) : n.queue.push(arguments)\n        };\n        if (!f._fbq) f._fbq = n; n.push = n; n.loaded = !0; n.version = '2.0';\n        n.queue = []; t = b.createElement(e); t.async = !0;\n        t.src = v; s = b.getElementsByTagName(e)[0];\n        s.parentNode.insertBefore(t, s)\n    }(window, document, 'script',\n        'https:\/\/connect.facebook.net\/en_US\/fbevents.js');\n    fbq('init', '522546078623747');\n    fbq('track', 'PageView');\n<\/script><br \/>\n<br \/><br \/>\n<br \/><a href=\"https:\/\/www.agrolink.com.br\/noticias\/exportacoes-e-dolar-podem-aliviar-pressao-no-algodao_506526.html\">Source link <\/a><\/p>\n","protected":false},"excerpt":{"rendered":"<p>&#13; A safra de algod\u00e3o 2025\/26 no Brasil come\u00e7a com expectativa de crescimento&#13; &#13; Agrolink&#13; &#13; &#8211; Aline Merladete&#13; &#13;<\/p>\n","protected":false},"author":1,"featured_media":5640,"comment_status":"open","ping_status":"open","sticky":false,"template":"","format":"standard","meta":{"_monsterinsights_skip_tracking":false,"_monsterinsights_sitenote_active":false,"_monsterinsights_sitenote_note":"","_monsterinsights_sitenote_category":0,"_uf_show_specific_survey":0,"_uf_disable_surveys":false,"footnotes":""},"categories":[8,1,14],"tags":[],"class_list":["post-21287","post","type-post","status-publish","format-standard","has-post-thumbnail","hentry","category-agro","category-news","category-politica-agro"],"_links":{"self":[{"href":"https:\/\/agromt.news\/index.php?rest_route=\/wp\/v2\/posts\/21287"}],"collection":[{"href":"https:\/\/agromt.news\/index.php?rest_route=\/wp\/v2\/posts"}],"about":[{"href":"https:\/\/agromt.news\/index.php?rest_route=\/wp\/v2\/types\/post"}],"author":[{"embeddable":true,"href":"https:\/\/agromt.news\/index.php?rest_route=\/wp\/v2\/users\/1"}],"replies":[{"embeddable":true,"href":"https:\/\/agromt.news\/index.php?rest_route=%2Fwp%2Fv2%2Fcomments&post=21287"}],"version-history":[{"count":0,"href":"https:\/\/agromt.news\/index.php?rest_route=\/wp\/v2\/posts\/21287\/revisions"}],"wp:featuredmedia":[{"embeddable":true,"href":"https:\/\/agromt.news\/index.php?rest_route=\/wp\/v2\/media\/5640"}],"wp:attachment":[{"href":"https:\/\/agromt.news\/index.php?rest_route=%2Fwp%2Fv2%2Fmedia&parent=21287"}],"wp:term":[{"taxonomy":"category","embeddable":true,"href":"https:\/\/agromt.news\/index.php?rest_route=%2Fwp%2Fv2%2Fcategories&post=21287"},{"taxonomy":"post_tag","embeddable":true,"href":"https:\/\/agromt.news\/index.php?rest_route=%2Fwp%2Fv2%2Ftags&post=21287"}],"curies":[{"name":"wp","href":"https:\/\/api.w.org\/{rel}","templated":true}]}}