{"id":21283,"date":"2025-10-02T00:37:48","date_gmt":"2025-10-02T04:37:48","guid":{"rendered":"https:\/\/agromt.news\/?p=21283"},"modified":"2025-10-02T00:37:48","modified_gmt":"2025-10-02T04:37:48","slug":"area-plantada-com-milho-cresce-mas-valor-dos-defensivos-encolhe-na-safrinha","status":"publish","type":"post","link":"https:\/\/agromt.news\/?p=21283","title":{"rendered":"\u00c1rea plantada com milho cresce, mas valor dos defensivos encolhe na safrinha"},"content":{"rendered":"<p> <br \/>\n<\/p>\n<div>\n<p style=\"text-align:justify\">O mercado de defensivos agr\u00edcolas voltados ao <a href=\"https:\/\/www.agrolink.com.br\/culturas\/milho?utm_source=agrolink-detalhe-noticia&amp;utm_medium=detalhe-noticia&amp;utm_campaign=links-internos&#9;\" target=\"_blank\" rel=\"noopener\">milho<\/a> na segunda safra registrou queda de 7% em 2025, somando US$ 2,36 bilh\u00f5es, segundo levantamento da Kynetec Brasil. A retra\u00e7\u00e3o, segundo a empresa de intelig\u00eancia de mercado, \u00e9 reflexo da redu\u00e7\u00e3o m\u00e9dia de 13% nos pre\u00e7os dos produtos, al\u00e9m da desvaloriza\u00e7\u00e3o de 16% do real frente ao d\u00f3lar no per\u00edodo.&#13;\n<\/p>\n<p style=\"text-align:justify\">Apesar da queda em valor, a \u00e1rea plantada com milho na segunda safra cresceu 6%, alcan\u00e7ando 16,9 milh\u00f5es de hectares, conforme dados da pesquisa FarmTrak Milho 2025. O plantio de soja dentro da janela ideal, a demanda por etanol e o ritmo das exporta\u00e7\u00f5es foram os principais fatores que estimularam essa expans\u00e3o.<\/p>\n<p style=\"text-align:justify\"><strong>Ado\u00e7\u00e3o tecnol\u00f3gica cresce e impulsiona uso de defensivos<\/strong><\/p>\n<p style=\"text-align:justify\">Com o avan\u00e7o da \u00e1rea cultivada, cresceu tamb\u00e9m a ado\u00e7\u00e3o de tecnologias no campo, com alta de 11% em rela\u00e7\u00e3o \u00e0 safra anterior. Isso impactou diretamente o indicador de \u00c1rea Potencialmente Tratada (PAT), que subiu 24% e chegou a 386 milh\u00f5es de hectares, considerando o total de aplica\u00e7\u00f5es e misturas de tanque ao longo do ciclo.<\/p>\n<p style=\"text-align:justify\">O aumento da press\u00e3o de pragas e doen\u00e7as, al\u00e9m de dificuldades no controle de plantas daninhas, refor\u00e7ou a necessidade de estrat\u00e9gias mais robustas de manejo fitossanit\u00e1rio, segundo an\u00e1lise da consultoria.<\/p>\n<p style=\"text-align:justify\"><strong>Queda nos valores movimentados atinge principais categorias<\/strong><\/p>\n<p style=\"text-align:justify\">Mesmo ocupando o topo do ranking, os inseticidas foliares movimentaram US$ 891 milh\u00f5es, retra\u00e7\u00e3o em rela\u00e7\u00e3o aos US$ 1,008 bilh\u00e3o registrados na safra anterior. J\u00e1 os fungicidas foliares cresceram para US$ 500 milh\u00f5es e ultrapassaram os herbicidas no ranking da Kynetec, que recuaram para US$ 466 milh\u00f5es.\u00a0Outras categorias, como os produtos para tratamento de sementes, se mantiveram est\u00e1veis (US$ 306 milh\u00f5es), enquanto nematicidas e demais segmentos representaram 8% do total, com US$ 195 milh\u00f5es.&#13;\n<\/p>\n<p style=\"text-align:justify\">A pesquisa tamb\u00e9m apontou avan\u00e7os em nichos estrat\u00e9gicos. A \u00e1rea tratada com nematicidas cresceu de 33% para 44%, totalizando 7,43 milh\u00f5es de hectares. Os <a href=\"https:\/\/www.agrolink.com.br\/agrolinkfito\/tecnologia-de-aplicacao\/aplicacao-terrestre\/aspectos-gerais-da-aplicacao-de-fungicidas_480785.html\" target=\"_blank\" rel=\"noopener\">Fungicidas<\/a> premium responderam por 49% dos investimentos no controle de doen\u00e7as, enquanto os <a href=\"https:\/\/www.agrolink.com.br\/agrolinkfito\/tecnologia-de-aplicacao\/aplicacao-terrestre\/aspectos-gerais-da-aplicacao-de-fungicidas_480785.html\" target=\"_blank\" rel=\"noopener\">Fungicidas<\/a> do tipo \u201cstroby mix\u201d foram aplicados em 7,1 milh\u00f5es de hectares, mantendo lideran\u00e7a em PAT.<\/p>\n<p style=\"text-align:justify\">No caso dos lagarticidas, observou-se aumento de 2,3 para 2,8 aplica\u00e7\u00f5es por ciclo e eleva\u00e7\u00e3o na participa\u00e7\u00e3o de mercado, de 20% para 31% em valor. Tamb\u00e9m houve crescimento expressivo nos herbicidas do tipo \u201cpremium grass\u201d (de 23% para 28%) e de amplo espectro (de 19% para 38%).<\/p>\n<p style=\"text-align:justify\"><strong>Mato Grosso lidera<\/strong><\/p>\n<p style=\"text-align:justify\">Entre os estados, Mato Grosso concentrou 43% da \u00e1rea da segunda safra de <a href=\"https:\/\/www.agrolink.com.br\/culturas\/milho?utm_source=agrolink-detalhe-noticia&amp;utm_medium=detalhe-noticia&amp;utm_campaign=links-internos&#9;\" target=\"_blank\" rel=\"noopener\">milho<\/a>, com 7,25 milh\u00f5es de hectares. O Paran\u00e1 cresceu 14% e alcan\u00e7ou 2,7 milh\u00f5es de hectares (16% da \u00e1rea), enquanto Goi\u00e1s e Mato Grosso do Sul dividiram participa\u00e7\u00e3o de 13% cada. Os 15% restantes ficaram com regi\u00f5es consolidadas como Bahia, Mapitopa, Minas Gerais, S\u00e3o Paulo e Sergipe.&#13;\n<\/p>\n<p style=\"text-align:justify\">\u00a0<\/p>\n<\/p><\/div>\n<p><script data-cfasync=\"false\">\n    !function (f, b, e, v, n, t, s) {\n        if (f.fbq) return; n = f.fbq = function () {\n            n.callMethod ?\n                n.callMethod.apply(n, arguments) : n.queue.push(arguments)\n        };\n        if (!f._fbq) f._fbq = n; n.push = n; n.loaded = !0; n.version = '2.0';\n        n.queue = []; t = b.createElement(e); t.async = !0;\n        t.src = v; s = b.getElementsByTagName(e)[0];\n        s.parentNode.insertBefore(t, s)\n    }(window, document, 'script',\n        'https:\/\/connect.facebook.net\/en_US\/fbevents.js');\n    fbq('init', '522546078623747');\n    fbq('track', 'PageView');\n<\/script><br \/>\n<br \/><br \/>\n<br \/><a href=\"https:\/\/www.agrolink.com.br\/noticias\/area-plantada-com-milho-cresce--mas-valor-dos-defensivos-encolhe-na-safrinha_506487.html\">Source link <\/a><\/p>\n","protected":false},"excerpt":{"rendered":"<p>O mercado de defensivos agr\u00edcolas voltados ao milho na segunda safra registrou queda de 7% em 2025, somando US$ 2,36<\/p>\n","protected":false},"author":1,"featured_media":13640,"comment_status":"open","ping_status":"open","sticky":false,"template":"","format":"standard","meta":{"_monsterinsights_skip_tracking":false,"_monsterinsights_sitenote_active":false,"_monsterinsights_sitenote_note":"","_monsterinsights_sitenote_category":0,"_uf_show_specific_survey":0,"_uf_disable_surveys":false,"footnotes":""},"categories":[8,1,14],"tags":[],"class_list":["post-21283","post","type-post","status-publish","format-standard","has-post-thumbnail","hentry","category-agro","category-news","category-politica-agro"],"_links":{"self":[{"href":"https:\/\/agromt.news\/index.php?rest_route=\/wp\/v2\/posts\/21283"}],"collection":[{"href":"https:\/\/agromt.news\/index.php?rest_route=\/wp\/v2\/posts"}],"about":[{"href":"https:\/\/agromt.news\/index.php?rest_route=\/wp\/v2\/types\/post"}],"author":[{"embeddable":true,"href":"https:\/\/agromt.news\/index.php?rest_route=\/wp\/v2\/users\/1"}],"replies":[{"embeddable":true,"href":"https:\/\/agromt.news\/index.php?rest_route=%2Fwp%2Fv2%2Fcomments&post=21283"}],"version-history":[{"count":0,"href":"https:\/\/agromt.news\/index.php?rest_route=\/wp\/v2\/posts\/21283\/revisions"}],"wp:featuredmedia":[{"embeddable":true,"href":"https:\/\/agromt.news\/index.php?rest_route=\/wp\/v2\/media\/13640"}],"wp:attachment":[{"href":"https:\/\/agromt.news\/index.php?rest_route=%2Fwp%2Fv2%2Fmedia&parent=21283"}],"wp:term":[{"taxonomy":"category","embeddable":true,"href":"https:\/\/agromt.news\/index.php?rest_route=%2Fwp%2Fv2%2Fcategories&post=21283"},{"taxonomy":"post_tag","embeddable":true,"href":"https:\/\/agromt.news\/index.php?rest_route=%2Fwp%2Fv2%2Ftags&post=21283"}],"curies":[{"name":"wp","href":"https:\/\/api.w.org\/{rel}","templated":true}]}}