{"id":21281,"date":"2025-10-01T20:44:39","date_gmt":"2025-10-02T00:44:39","guid":{"rendered":"https:\/\/agromt.news\/?p=21281"},"modified":"2025-10-01T20:44:39","modified_gmt":"2025-10-02T00:44:39","slug":"aromas-citricos-ganham-forca-diante-da-crise","status":"publish","type":"post","link":"https:\/\/agromt.news\/?p=21281","title":{"rendered":"Aromas c\u00edtricos ganham for\u00e7a diante da crise"},"content":{"rendered":"<p> <br \/>\n<\/p>\n<div>\n<div class=\"row\">\n<div class=\"col-lg col-infos mt-0 mt-lg-0\">\n<div class=\"section-sub-title\">\n<p itemprop=\"description\">&#13;<br \/>\n                                \u201cNosso objetivo \u00e9 oferecer \u00e0 ind\u00fastria alternativas&#8221;&#13;\n                            <\/p>\n<\/p><\/div>\n<div class=\"container\">\n<div class=\"row\">\n<div class=\"col-lg p-0\">\n<div>\n<div class=\"block-news-main-infos mt-3 text-start\">\n<p>                                            <strong class=\"fn\" itemprop=\"author\" style=\"color: rgb(112, 112, 112); \">&#13;<br \/>\n                                                <a href=\"https:\/\/www.agrolink.com.br\/noticias\/javascript:;\" class=\"text-uppercase\" target=\"_blank\" style=\"color: rgb(112, 112, 112); \" rel=\"noopener\">Agrolink<\/a>&#13;<br \/>\n&#13;<br \/>\n                                                    &#8211; Leonardo Gottems&#13;<br \/>\n&#13;<br \/>\n                                            <\/strong><br \/>\n                                        <\/p>\n<p>                                            <abbr><time datetime=\"2025 - 09 - 30T14:48\" itemprop=\"datePublished dateModified\"> Publicado em 30\/09\/2025 \u00e0s 14:48h.<\/time><\/abbr>\n                                    <\/div>\n<\/p><\/div>\n<\/p><\/div>\n<div class=\"col-lg p-0 text-lg-end\">\n<div>\n<div id=\"mdEnviarPagina\" class=\"modal fade\" role=\"dialog\">\n<div class=\"modal-dialog\">\n<div class=\"modal-content\">\n<div class=\"modal-body\">\n<p><strong>Estimado usu\u00e1rio.<\/strong><br \/>Preencha o formul\u00e1rio abaixo para remeter a p\u00e1gina.<\/p>\n<\/p><\/div>\n<\/p><\/div>\n<\/p><\/div>\n<\/div><\/div>\n<\/p><\/div>\n<\/p><\/div>\n<\/p><\/div>\n<\/p><\/div>\n<\/p><\/div>\n<div class=\"row justify-content-md-center mt-3\">\n<div class=\"col-lg-auto col-image block-news-main-image\">\n<p>                                <img decoding=\"async\" src=\"https:\/\/www.agrolink.com.br\/upload\/imagens-resizes\/4cff183bf8ee46c6941c974415f86cf5_858x483.jpg\" class=\"lazyload img-fluid\" alt=\"\u201cNosso objetivo \u00e9 oferecer \u00e0 ind\u00fastria alternativas&quot;\"\/><br \/>\n                                                <span class=\"d-block mt-1\">\u201cNosso objetivo \u00e9 oferecer \u00e0 ind\u00fastria alternativas&#8221; &#8211; Foto: Canva<\/span><\/p><\/div>\n<\/p><\/div>\n<div class=\"section-description section-description-noticias mt-3\">\n<p>O mercado da <a href=\"https:\/\/www.agrolink.com.br\/culturas\/laranja?utm_source=agrolink-detalhe-noticia&amp;utm_medium=detalhe-noticia&amp;utm_campaign=links-internos\" target=\"_blank\" rel=\"noopener\">laranja<\/a> atravessa um per\u00edodo de forte volatilidade, influenciado por fatores clim\u00e1ticos, pela propaga\u00e7\u00e3o do greening nas \u00faltimas safras e pelas tarifas anunciadas pelos Estados Unidos. Esse cen\u00e1rio tem pressionado a ind\u00fastria de alimentos e bebidas, que busca alternativas para manter a estabilidade de custos e preservar a consist\u00eancia sensorial dos produtos.&#13;\n<\/p>\n<p>\u201cAs tend\u00eancias de consumo e, consequentemente, as necessidades espec\u00edficas da ind\u00fastria, est\u00e3o sempre em mente quando desenvolvemos nossas solu\u00e7\u00f5es e existe um grande dinamismo que exige respostas eficazes e personalizadas. Por isso, nos \u00faltimos anos, agregamos novas tecnologias ao nosso portf\u00f3lio de aromas, incluindo tecnologias de extra\u00e7\u00e3o de \u00f3leos essenciais para a formula\u00e7\u00e3o de aromas c\u00edtricos. Hoje existe uma ampla gama de produtos que permite a aromatiza\u00e7\u00e3o seja em bebidas, panifica\u00e7\u00e3o ou doces, e que contribui para que se utilize menos as mat\u00e9rias-primas in natura afetadas por flutua\u00e7\u00f5es de pre\u00e7o\u201d, explica Tiago Coroa, Gerente de Desenvolvimento de Produtos e Cria\u00e7\u00e3o da ADM na Am\u00e9rica Latina.<\/p>\n<p>No Brasil, maior produtor mundial de laranja, atender \u00e0 demanda por sabores aut\u00eanticos \u00e9 um desafio crescente. Para isso, a ADM conta com solu\u00e7\u00f5es como a Corefold\u00ae, que concentra \u00f3leos essenciais preservando o frescor, a CitrusFlex, que substitui o suco de laranja em formula\u00e7\u00f5es de bebidas, e a EZCore\u00ae, que recria diferentes perfis de sabor a partir de ingredientes naturais.&#13;\n<\/p>\n<p>\u201cNosso objetivo \u00e9 oferecer \u00e0 ind\u00fastria alternativas que garantam competitividade e agradem o consumidor em diferentes cen\u00e1rios de mercado. Contamos com novas tecnologias e capacidade t\u00e9cnica para desenvolver solu\u00e7\u00f5es que superem poss\u00edveis barreiras e adaptem os sabores \u00e0s prefer\u00eancias espec\u00edficas de cada regi\u00e3o. A tend\u00eancia \u00e9 que cada vez mais tenhamos inova\u00e7\u00f5es nesse sentido\u201d, finaliza Coroa.<br \/>&#13;<br \/>\n\u00a0<\/p>\n<\/p><\/div>\n<\/p><\/div>\n<p><script data-cfasync=\"false\">\n    !function (f, b, e, v, n, t, s) {\n        if (f.fbq) return; n = f.fbq = function () {\n            n.callMethod ?\n                n.callMethod.apply(n, arguments) : n.queue.push(arguments)\n        };\n        if (!f._fbq) f._fbq = n; n.push = n; n.loaded = !0; n.version = '2.0';\n        n.queue = []; t = b.createElement(e); t.async = !0;\n        t.src = v; s = b.getElementsByTagName(e)[0];\n        s.parentNode.insertBefore(t, s)\n    }(window, document, 'script',\n        'https:\/\/connect.facebook.net\/en_US\/fbevents.js');\n    fbq('init', '522546078623747');\n    fbq('track', 'PageView');\n<\/script><br \/>\n<br \/><br \/>\n<br \/><a href=\"https:\/\/www.agrolink.com.br\/noticias\/aromas-citricos-ganham-forca-diante-da-crise_506489.html\">Source link <\/a><\/p>\n","protected":false},"excerpt":{"rendered":"<p>&#13; \u201cNosso objetivo \u00e9 oferecer \u00e0 ind\u00fastria alternativas&#8221;&#13; &#13; Agrolink&#13; &#13; &#8211; Leonardo Gottems&#13; &#13; Publicado em 30\/09\/2025 \u00e0s 14:48h.<\/p>\n","protected":false},"author":1,"featured_media":10552,"comment_status":"open","ping_status":"open","sticky":false,"template":"","format":"standard","meta":{"_monsterinsights_skip_tracking":false,"_monsterinsights_sitenote_active":false,"_monsterinsights_sitenote_note":"","_monsterinsights_sitenote_category":0,"_uf_show_specific_survey":0,"_uf_disable_surveys":false,"footnotes":""},"categories":[8,1,14],"tags":[],"class_list":["post-21281","post","type-post","status-publish","format-standard","has-post-thumbnail","hentry","category-agro","category-news","category-politica-agro"],"_links":{"self":[{"href":"https:\/\/agromt.news\/index.php?rest_route=\/wp\/v2\/posts\/21281"}],"collection":[{"href":"https:\/\/agromt.news\/index.php?rest_route=\/wp\/v2\/posts"}],"about":[{"href":"https:\/\/agromt.news\/index.php?rest_route=\/wp\/v2\/types\/post"}],"author":[{"embeddable":true,"href":"https:\/\/agromt.news\/index.php?rest_route=\/wp\/v2\/users\/1"}],"replies":[{"embeddable":true,"href":"https:\/\/agromt.news\/index.php?rest_route=%2Fwp%2Fv2%2Fcomments&post=21281"}],"version-history":[{"count":0,"href":"https:\/\/agromt.news\/index.php?rest_route=\/wp\/v2\/posts\/21281\/revisions"}],"wp:featuredmedia":[{"embeddable":true,"href":"https:\/\/agromt.news\/index.php?rest_route=\/wp\/v2\/media\/10552"}],"wp:attachment":[{"href":"https:\/\/agromt.news\/index.php?rest_route=%2Fwp%2Fv2%2Fmedia&parent=21281"}],"wp:term":[{"taxonomy":"category","embeddable":true,"href":"https:\/\/agromt.news\/index.php?rest_route=%2Fwp%2Fv2%2Fcategories&post=21281"},{"taxonomy":"post_tag","embeddable":true,"href":"https:\/\/agromt.news\/index.php?rest_route=%2Fwp%2Fv2%2Ftags&post=21281"}],"curies":[{"name":"wp","href":"https:\/\/api.w.org\/{rel}","templated":true}]}}