{"id":21278,"date":"2025-10-01T20:20:36","date_gmt":"2025-10-02T00:20:36","guid":{"rendered":"https:\/\/agromt.news\/?p=21278"},"modified":"2025-10-01T20:20:36","modified_gmt":"2025-10-02T00:20:36","slug":"campanha-para-o-uso-responsavel-de-antimicrobianos-e-lancada-pela-abpa","status":"publish","type":"post","link":"https:\/\/agromt.news\/?p=21278","title":{"rendered":"Campanha para o uso respons\u00e1vel de antimicrobianos \u00e9 lan\u00e7ada pela ABPA"},"content":{"rendered":"<p> <br \/>\n<br \/><img decoding=\"async\" src=\"https:\/\/agromt.news\/wp-content\/uploads\/2025\/10\/Campanha-para-o-uso-responsavel-de-antimicrobianos-e-lancada-pela.jpg\" \/><\/p>\n<div>\n<p>Para ampliar o uso respons\u00e1vel de antimicrobianos na produ\u00e7\u00e3o de aves, <strong><a href=\"https:\/\/www.canalrural.com.br\/suino\/custos-de-producao-estaveis-e-boa-oferta-de-milho-mantem-rentabilidade-de-suinos\/\">su\u00ednos<\/a><\/strong> e ovos, a Associa\u00e7\u00e3o Brasileira de Prote\u00edna Animal (ABPA) lan\u00e7ou nesta quarta-feira (1), em S\u00e3o Paulo, o <strong><a href=\"https:\/\/www.todoscontraram.com.br\/\">Movimento Uso Consciente, Futuro Sustent\u00e1vel<\/a><\/strong>.<\/p>\n<p>A a\u00e7\u00e3o \u00e9 inspirada no conceito internacional de <em>One Health<\/em> (Sa\u00fade \u00danica), que reconhece a interdepend\u00eancia entre sa\u00fade animal, humana e ambiental. <\/p>\n<p>Assim, busca promover informa\u00e7\u00e3o qualificada e estimular o engajamento dos elos da cadeia produtiva em torno de a\u00e7\u00f5es volunt\u00e1rias de incentivo ao uso prudente de antimicrobianos na cadeia produtiva.<\/p>\n<pre class=\"wp-block-code\"><code>\"Uma das bases do movimento \u00e9 a parceria com entidades setoriais vinculadas \u00e0 ABPA. A iniciativa ser\u00e1 ativada em espa\u00e7os como o SIAVS e em eventos organizados por parceiros da associa\u00e7\u00e3o, criando oportunidades para a difus\u00e3o de conte\u00fados t\u00e9cnicos e boas pr\u00e1ticas\", diz a Associa\u00e7\u00e3o, em nota.<\/code><\/pre>\n<p>As a\u00e7\u00f5es incluem o lan\u00e7amento de um hotsite oficial, que reunir\u00e1 materiais educativos, minicursos digitais e agenda de cursos e eventos. Tamb\u00e9m ser\u00e3o divulgados materiais de comunica\u00e7\u00e3o em redes sociais, campanhas informativas e conte\u00fados t\u00e9cnicos de apoio \u00e0s empresas signat\u00e1rias.<\/p>\n<p>\u201cO movimento nasce para incentivar, unir esfor\u00e7os e valorizar pr\u00e1ticas j\u00e1 presentes em nosso setor. \u00c9 uma medida pelo incentivo \u00e0 conscientiza\u00e7\u00e3o, que fortalece a cultura de responsabilidade e mostra que estamos atentos \u00e0s expectativas da sociedade e dos mercados\u201d, destaca o presidente da ABPA, Ricardo Santin.<\/p>\n<p>J\u00e1 para a diretora t\u00e9cnica da entidade, Para Sula Alves, o movimento refor\u00e7a um trabalho cont\u00ednuo de educa\u00e7\u00e3o e engajamento. <\/p>\n<p>\u201cNosso objetivo \u00e9 apoiar produtores, agroind\u00fastrias e profissionais com informa\u00e7\u00f5es t\u00e9cnicas claras e acess\u00edveis, que ajudem a orientar decis\u00f5es no dia a dia da produ\u00e7\u00e3o. Conscientizar \u00e9 criar uma base s\u00f3lida para o futuro, garantindo sa\u00fade \u00fanica, qualidade dos alimentos e sustentabilidade para o setor\u201d, completa.<\/p>\n<\/p><\/div>\n<p><br \/>\n<br \/><a href=\"https:\/\/www.canalrural.com.br\/agricultura\/campanha-para-o-uso-responsavel-de-antimicrobianos-e-lancada-pela-abpa\/\">Source link <\/a><\/p>\n","protected":false},"excerpt":{"rendered":"<p>Para ampliar o uso respons\u00e1vel de antimicrobianos na produ\u00e7\u00e3o de aves, su\u00ednos e ovos, a Associa\u00e7\u00e3o Brasileira de Prote\u00edna Animal<\/p>\n","protected":false},"author":1,"featured_media":21279,"comment_status":"open","ping_status":"open","sticky":false,"template":"","format":"standard","meta":{"_monsterinsights_skip_tracking":false,"_monsterinsights_sitenote_active":false,"_monsterinsights_sitenote_note":"","_monsterinsights_sitenote_category":0,"_uf_show_specific_survey":0,"_uf_disable_surveys":false,"footnotes":""},"categories":[1],"tags":[],"class_list":["post-21278","post","type-post","status-publish","format-standard","has-post-thumbnail","hentry","category-news"],"_links":{"self":[{"href":"https:\/\/agromt.news\/index.php?rest_route=\/wp\/v2\/posts\/21278"}],"collection":[{"href":"https:\/\/agromt.news\/index.php?rest_route=\/wp\/v2\/posts"}],"about":[{"href":"https:\/\/agromt.news\/index.php?rest_route=\/wp\/v2\/types\/post"}],"author":[{"embeddable":true,"href":"https:\/\/agromt.news\/index.php?rest_route=\/wp\/v2\/users\/1"}],"replies":[{"embeddable":true,"href":"https:\/\/agromt.news\/index.php?rest_route=%2Fwp%2Fv2%2Fcomments&post=21278"}],"version-history":[{"count":0,"href":"https:\/\/agromt.news\/index.php?rest_route=\/wp\/v2\/posts\/21278\/revisions"}],"wp:featuredmedia":[{"embeddable":true,"href":"https:\/\/agromt.news\/index.php?rest_route=\/wp\/v2\/media\/21279"}],"wp:attachment":[{"href":"https:\/\/agromt.news\/index.php?rest_route=%2Fwp%2Fv2%2Fmedia&parent=21278"}],"wp:term":[{"taxonomy":"category","embeddable":true,"href":"https:\/\/agromt.news\/index.php?rest_route=%2Fwp%2Fv2%2Fcategories&post=21278"},{"taxonomy":"post_tag","embeddable":true,"href":"https:\/\/agromt.news\/index.php?rest_route=%2Fwp%2Fv2%2Ftags&post=21278"}],"curies":[{"name":"wp","href":"https:\/\/api.w.org\/{rel}","templated":true}]}}