{"id":21262,"date":"2025-10-01T17:45:10","date_gmt":"2025-10-01T21:45:10","guid":{"rendered":"https:\/\/agromt.news\/?p=21262"},"modified":"2025-10-01T17:45:10","modified_gmt":"2025-10-01T21:45:10","slug":"fazenda-brasileira-recebe-certificacao-internacional-em-agricultura-regenerativa","status":"publish","type":"post","link":"https:\/\/agromt.news\/?p=21262","title":{"rendered":"Fazenda brasileira recebe certifica\u00e7\u00e3o internacional em agricultura regenerativa"},"content":{"rendered":"<p> <br \/>\n<br \/><img decoding=\"async\" src=\"https:\/\/agromt.news\/wp-content\/uploads\/2025\/10\/Fazenda-brasileira-recebe-certificacao-internacional-em-agricultura-regenerativa.webp.webp\" \/><\/p>\n<div>\n<p>O Instituto de Manejo e Certifica\u00e7\u00e3o Florestal e Agr\u00edcola (<a href=\"https:\/\/www.canalrural.com.br\/tag\/imaflora\/\">Imaflora<\/a>) conduziu o processo que resultou na primeira certifica\u00e7\u00e3o brasileira em uma fazenda de caf\u00e9 com a norma de agricultura regenerativa da Rainforest Alliance, organiza\u00e7\u00e3o sem fins lucrativos que atua em 62 pa\u00edses promovendo pr\u00e1ticas agr\u00edcolas sustent\u00e1veis.<\/p>\n<p>A Fazenda Nova Cintra, localizada em Esp\u00edrito Santo do Pinhal, S\u00e3o Paulo, foi a primeira do pa\u00eds a receber o reconhecimento. Segundo o coordenador de certifica\u00e7\u00e3o agr\u00edcola do Imaflora, Ben-Hur Rosa, a norma vai al\u00e9m da preserva\u00e7\u00e3o ambiental.<\/p>\n<p>\u201cA certifica\u00e7\u00e3o demonstra que a fazenda n\u00e3o est\u00e1 apenas cuidando da natureza, mas tamb\u00e9m ajudando a regenerar o solo, a biodiversidade e a recuperar ecossistemas\u201d, destaca.<\/p>\n<figure class=\"wp-block-embed is-type-video is-provider-youtube wp-block-embed-youtube wp-embed-aspect-16-9 wp-has-aspect-ratio\">\n<p>\n<iframe title=\"Imaflora certifica primeira fazenda com a norma de agricultura regenerativa da Rainforest Alliance\" width=\"800\" height=\"450\" src=\"https:\/\/www.youtube.com\/embed\/X1qCn1DQvM4?feature=oembed\" frameborder=\"0\" allow=\"accelerometer; autoplay; clipboard-write; encrypted-media; gyroscope; picture-in-picture; web-share\" referrerpolicy=\"strict-origin-when-cross-origin\" allowfullscreen><\/iframe><noscript><iframe title=\"Imaflora certifica primeira fazenda com a norma de agricultura regenerativa da Rainforest Alliance\" width=\"800\" height=\"450\" src=\"https:\/\/www.youtube.com\/embed\/X1qCn1DQvM4?feature=oembed\" frameborder=\"0\" allow=\"accelerometer; autoplay; clipboard-write; encrypted-media; gyroscope; picture-in-picture; web-share\" referrerpolicy=\"strict-origin-when-cross-origin\" allowfullscreen><\/iframe><\/noscript>\n<\/p>\n<\/figure>\n<p>A propriet\u00e1ria da fazenda, Ana L\u00facia Barbosa, explica que a transi\u00e7\u00e3o foi natural, j\u00e1 que a propriedade adota pr\u00e1ticas sustent\u00e1veis h\u00e1 anos. A fazenda j\u00e1 era certificada pela Rainforest Alliance desde 2011.<\/p>\n<p>\u201cNosso foco sempre foi a preserva\u00e7\u00e3o ambiental, a sa\u00fade do solo e o uso reduzido de defensivos qu\u00edmicos. Hoje, com mais biodiversidade, vimos at\u00e9 o aumento da popula\u00e7\u00e3o de abelhas e passamos a produzir mel junto ao caf\u00e9\u201d, conta.<\/p>\n<p>Entre as pr\u00e1ticas adotadas, est\u00e3o a prote\u00e7\u00e3o de nascentes, preserva\u00e7\u00e3o de matas e incentivo \u00e0 fauna nativa. Essas a\u00e7\u00f5es, al\u00e9m de fortalecerem o ecossistema, tamb\u00e9m geraram novos ganhos econ\u00f4micos para a fazenda.<\/p>\n<p>\u201cMuito antes de essa preocupa\u00e7\u00e3o com a preserva\u00e7\u00e3o das nascentes se tornar p\u00fablica no mundo, n\u00f3s j\u00e1 v\u00ednhamos protegendo todas as nossas nascentes. Com isso, aumentamos a biodiversidade e tamb\u00e9m a fauna nativa\u201d, conta.<\/p>\n<p>\u201cNo nosso caso, cresceu muito a popula\u00e7\u00e3o de abelhas na fazenda. Tanto que nos tornamos tamb\u00e9m produtores de mel. Nossa fazenda \u00e9 de caf\u00e9, mas agora produzimos mel justamente por causa dessa prote\u00e7\u00e3o ambiental, que favoreceu o aumento das abelhas\u201d, completa. <\/p>\n<h2 class=\"wp-block-heading\" id=\"h-obtencao-da-certificacao\">Obten\u00e7\u00e3o da certifica\u00e7\u00e3o<\/h2>\n<p>Para os produtores interessados em obter a certifica\u00e7\u00e3o, Ben-Hur Rosa orienta que o primeiro passo \u00e9 cuidar do solo. <\/p>\n<p>\u201cUm solo saud\u00e1vel garante plantas mais saud\u00e1veis e alimentos de maior qualidade. Com cobertura vegetal, h\u00e1 redu\u00e7\u00e3o da eros\u00e3o, reten\u00e7\u00e3o de nutrientes e aumento da microbiota, trazendo benef\u00edcios r\u00e1pidos\u201d, explica.<\/p>\n<p>Ele ressalta ainda que a certifica\u00e7\u00e3o exige evid\u00eancias documentais. \u00c9 preciso registrar e monitorar as pr\u00e1ticas adotadas para comprovar os resultados durante a auditoria.<\/p>\n<\/p><\/div>\n<p><br \/>\n<br \/><a href=\"https:\/\/www.canalrural.com.br\/agricultura\/fazenda-brasileira-recebe-certificacao-internacional-em-agricultura-regenerativa\/\">Source link <\/a><\/p>\n","protected":false},"excerpt":{"rendered":"<p>O Instituto de Manejo e Certifica\u00e7\u00e3o Florestal e Agr\u00edcola (Imaflora) conduziu o processo que resultou na primeira certifica\u00e7\u00e3o brasileira em<\/p>\n","protected":false},"author":1,"featured_media":21263,"comment_status":"open","ping_status":"open","sticky":false,"template":"","format":"standard","meta":{"_monsterinsights_skip_tracking":false,"_monsterinsights_sitenote_active":false,"_monsterinsights_sitenote_note":"","_monsterinsights_sitenote_category":0,"_uf_show_specific_survey":0,"_uf_disable_surveys":false,"footnotes":""},"categories":[1],"tags":[],"class_list":["post-21262","post","type-post","status-publish","format-standard","has-post-thumbnail","hentry","category-news"],"_links":{"self":[{"href":"https:\/\/agromt.news\/index.php?rest_route=\/wp\/v2\/posts\/21262"}],"collection":[{"href":"https:\/\/agromt.news\/index.php?rest_route=\/wp\/v2\/posts"}],"about":[{"href":"https:\/\/agromt.news\/index.php?rest_route=\/wp\/v2\/types\/post"}],"author":[{"embeddable":true,"href":"https:\/\/agromt.news\/index.php?rest_route=\/wp\/v2\/users\/1"}],"replies":[{"embeddable":true,"href":"https:\/\/agromt.news\/index.php?rest_route=%2Fwp%2Fv2%2Fcomments&post=21262"}],"version-history":[{"count":0,"href":"https:\/\/agromt.news\/index.php?rest_route=\/wp\/v2\/posts\/21262\/revisions"}],"wp:featuredmedia":[{"embeddable":true,"href":"https:\/\/agromt.news\/index.php?rest_route=\/wp\/v2\/media\/21263"}],"wp:attachment":[{"href":"https:\/\/agromt.news\/index.php?rest_route=%2Fwp%2Fv2%2Fmedia&parent=21262"}],"wp:term":[{"taxonomy":"category","embeddable":true,"href":"https:\/\/agromt.news\/index.php?rest_route=%2Fwp%2Fv2%2Fcategories&post=21262"},{"taxonomy":"post_tag","embeddable":true,"href":"https:\/\/agromt.news\/index.php?rest_route=%2Fwp%2Fv2%2Ftags&post=21262"}],"curies":[{"name":"wp","href":"https:\/\/api.w.org\/{rel}","templated":true}]}}