{"id":21260,"date":"2025-10-01T17:31:36","date_gmt":"2025-10-01T21:31:36","guid":{"rendered":"https:\/\/agromt.news\/?p=21260"},"modified":"2025-10-01T17:31:36","modified_gmt":"2025-10-01T21:31:36","slug":"apesar-de-tarifaco-abimaq-ve-chance-de-manter-vendas-de-maquinas-aos-eua","status":"publish","type":"post","link":"https:\/\/agromt.news\/?p=21260","title":{"rendered":"Apesar de tarifa\u00e7o, Abimaq v\u00ea chance de manter vendas de m\u00e1quinas aos EUA"},"content":{"rendered":"<p> <br \/>\n<br \/><img decoding=\"async\" src=\"https:\/\/agromt.news\/wp-content\/uploads\/2025\/10\/Apesar-de-tarifaco-Abimaq-ve-chance-de-manter-vendas-de.jpg\" \/><\/p>\n<div>\n<p>As fabricantes brasileiras de m\u00e1quinas buscam alternativas para manter as vendas aos Estados Unidos mesmo ap\u00f3s o tarifa\u00e7o. A avalia\u00e7\u00e3o \u00e9 de Cristina Zanella, diretora de competitividade da Associa\u00e7\u00e3o Brasileira da Ind\u00fastria de M\u00e1quinas e Equipamentos (<a href=\"https:\/\/www.canalrural.com.br\/tag\/abimaq\/\">Abimaq<\/a>).<\/p>\n<h3 class=\"wp-block-heading\" id=\"h-exportacoes-em-risco\">Exporta\u00e7\u00f5es em risco<\/h3>\n<p>Em agosto, a entidade havia alertado que o tarifa\u00e7o norte-americano poderia levar \u00e0 paralisa\u00e7\u00e3o das exporta\u00e7\u00f5es de m\u00e1quinas brasileiras a partir de setembro. O cen\u00e1rio, por\u00e9m, pode n\u00e3o se confirmar.<\/p>\n<p>Segundo Zanella, algumas empresas est\u00e3o negociando diretamente com clientes nos EUA. A proposta \u00e9 dividir os custos adicionais entre exportadores e importadores. Al\u00e9m disso, contratos j\u00e1 firmados continuam em execu\u00e7\u00e3o, o que deve garantir parte do fluxo de embarques ao longo de 2025.<\/p>\n<p>\u201cPode ser que a expectativa de zerar exporta\u00e7\u00f5es n\u00e3o se concretize. As empresas ainda est\u00e3o fazendo entregas\u201d, afirmou a diretora durante entrevista coletiva nesta quarta-feira (1\u00ba).<\/p>\n<h3 class=\"wp-block-heading\" id=\"h-ajustes-de-contratos-e-novos-destinos\">Ajustes de contratos e novos destinos<\/h3>\n<p>De acordo com a Abimaq, o impacto do tarifa\u00e7o n\u00e3o levou a um cancelamento generalizado de projetos. Algumas iniciativas foram interrompidas logo ap\u00f3s a decis\u00e3o dos EUA, mas a maior parte dos contratos segue em andamento.<\/p>\n<p>Para minimizar perdas, empresas estudam mudan\u00e7as na forma de comercializa\u00e7\u00e3o. O redesenho inclui desde ajustes nos prazos de entrega at\u00e9 a renegocia\u00e7\u00e3o das condi\u00e7\u00f5es de pagamento.<\/p>\n<p>Outro movimento esperado \u00e9 a diversifica\u00e7\u00e3o de mercados. Companhias que concentravam suas vendas nos Estados Unidos devem buscar outros pa\u00edses para absorver parte da produ\u00e7\u00e3o.<\/p>\n<h3 class=\"wp-block-heading\" id=\"h-alem-do-tarifaco-perspectivas\">Al\u00e9m do tarifa\u00e7o: perspectivas<\/h3>\n<p>Zanella ressalta que o ajuste ser\u00e1 gradual. \u201cN\u00e3o \u00e9 poss\u00edvel desligar a chave de um dia para o outro. O setor vai adaptar estrat\u00e9gias ao longo do tempo\u201d, disse.<\/p>\n<p>A Abimaq continuar\u00e1 monitorando os efeitos do tarifa\u00e7o sobre a ind\u00fastria. O setor exporta cerca de 20% de sua produ\u00e7\u00e3o, com os Estados Unidos figurando historicamente entre os principais destinos.<\/p>\n<\/p><\/div>\n<p><br \/>\n<br \/><a href=\"https:\/\/www.canalrural.com.br\/economia\/apesar-de-tarifaco-abimaq-ve-chance-de-manter-vendas-de-maquinas-aos-eua\/\">Source link <\/a><\/p>\n","protected":false},"excerpt":{"rendered":"<p>As fabricantes brasileiras de m\u00e1quinas buscam alternativas para manter as vendas aos Estados Unidos mesmo ap\u00f3s o tarifa\u00e7o. A avalia\u00e7\u00e3o<\/p>\n","protected":false},"author":1,"featured_media":21261,"comment_status":"open","ping_status":"open","sticky":false,"template":"","format":"standard","meta":{"_monsterinsights_skip_tracking":false,"_monsterinsights_sitenote_active":false,"_monsterinsights_sitenote_note":"","_monsterinsights_sitenote_category":0,"_uf_show_specific_survey":0,"_uf_disable_surveys":false,"footnotes":""},"categories":[1],"tags":[],"class_list":["post-21260","post","type-post","status-publish","format-standard","has-post-thumbnail","hentry","category-news"],"_links":{"self":[{"href":"https:\/\/agromt.news\/index.php?rest_route=\/wp\/v2\/posts\/21260"}],"collection":[{"href":"https:\/\/agromt.news\/index.php?rest_route=\/wp\/v2\/posts"}],"about":[{"href":"https:\/\/agromt.news\/index.php?rest_route=\/wp\/v2\/types\/post"}],"author":[{"embeddable":true,"href":"https:\/\/agromt.news\/index.php?rest_route=\/wp\/v2\/users\/1"}],"replies":[{"embeddable":true,"href":"https:\/\/agromt.news\/index.php?rest_route=%2Fwp%2Fv2%2Fcomments&post=21260"}],"version-history":[{"count":0,"href":"https:\/\/agromt.news\/index.php?rest_route=\/wp\/v2\/posts\/21260\/revisions"}],"wp:featuredmedia":[{"embeddable":true,"href":"https:\/\/agromt.news\/index.php?rest_route=\/wp\/v2\/media\/21261"}],"wp:attachment":[{"href":"https:\/\/agromt.news\/index.php?rest_route=%2Fwp%2Fv2%2Fmedia&parent=21260"}],"wp:term":[{"taxonomy":"category","embeddable":true,"href":"https:\/\/agromt.news\/index.php?rest_route=%2Fwp%2Fv2%2Fcategories&post=21260"},{"taxonomy":"post_tag","embeddable":true,"href":"https:\/\/agromt.news\/index.php?rest_route=%2Fwp%2Fv2%2Ftags&post=21260"}],"curies":[{"name":"wp","href":"https:\/\/api.w.org\/{rel}","templated":true}]}}