{"id":21257,"date":"2025-10-01T16:49:42","date_gmt":"2025-10-01T20:49:42","guid":{"rendered":"https:\/\/agromt.news\/?p=21257"},"modified":"2025-10-01T16:49:42","modified_gmt":"2025-10-01T20:49:42","slug":"cade-mantem-medidas-da-moratoria-da-soja","status":"publish","type":"post","link":"https:\/\/agromt.news\/?p=21257","title":{"rendered":"Cade mant\u00e9m medidas da Morat\u00f3ria da Soja"},"content":{"rendered":"<p> <br \/>\n<\/p>\n<div>\n<div class=\"row\">\n<div class=\"col-lg col-infos mt-0 mt-lg-0\">\n<div class=\"section-sub-title\">\n<p itemprop=\"description\">&#13;<br \/>\n                                A iniciativa visa evitar pr\u00e1ticas que possam prejudicar a concorr\u00eancia&#13;\n                            <\/p>\n<\/p><\/div>\n<div class=\"container\">\n<div class=\"row\">\n<div class=\"col-lg p-0\">\n<div>\n<div class=\"block-news-main-infos mt-3 text-start\">\n<p>                                            <strong class=\"fn\" itemprop=\"author\" style=\"color: rgb(112, 112, 112); \">&#13;<br \/>\n                                                <a href=\"https:\/\/www.agrolink.com.br\/noticias\/javascript:;\" class=\"text-uppercase\" target=\"_blank\" style=\"color: rgb(112, 112, 112); \" rel=\"noopener\">Agrolink<\/a>&#13;<br \/>\n&#13;<br \/>\n                                                    &#8211; Leonardo Gottems&#13;<br \/>\n&#13;<br \/>\n                                            <\/strong><br \/>\n                                        <\/p>\n<p>                                            <abbr><time datetime=\"2025 - 09 - 30T16:25\" itemprop=\"datePublished dateModified\"> Publicado em 30\/09\/2025 \u00e0s 16:25h.<\/time><\/abbr>\n                                    <\/div>\n<\/p><\/div>\n<\/p><\/div>\n<div class=\"col-lg p-0 text-lg-end\">\n<div>\n<div id=\"mdEnviarPagina\" class=\"modal fade\" role=\"dialog\">\n<div class=\"modal-dialog\">\n<div class=\"modal-content\">\n<div class=\"modal-body\">\n<p><strong>Estimado usu\u00e1rio.<\/strong><br \/>Preencha o formul\u00e1rio abaixo para remeter a p\u00e1gina.<\/p>\n<\/p><\/div>\n<\/p><\/div>\n<\/p><\/div>\n<\/div><\/div>\n<\/p><\/div>\n<\/p><\/div>\n<\/p><\/div>\n<\/p><\/div>\n<\/p><\/div>\n<div class=\"row justify-content-md-center mt-3\">\n<div class=\"col-lg-auto col-image block-news-main-image\">\n<p>                                <img decoding=\"async\" src=\"https:\/\/www.agrolink.com.br\/upload\/imagens-resizes\/890501986d334a19847a2fc5af0cd70c_858x483.jpg\" class=\"lazyload img-fluid\" alt=\"A iniciativa visa evitar pr\u00e1ticas que possam prejudicar a concorr\u00eancia\"\/><br \/>\n                                                <span class=\"d-block mt-1\">A iniciativa visa evitar pr\u00e1ticas que possam prejudicar a concorr\u00eancia &#8211; Foto: United Soybean Board<\/span><\/p><\/div>\n<\/p><\/div>\n<div class=\"section-description section-description-noticias mt-3\">\n<p>O Tribunal do Conselho Administrativo de Defesa Econ\u00f4mica (Cade) decidiu nesta ter\u00e7a-feira (30\/9) manter a medida preventiva imposta pela Superintend\u00eancia-Geral (SG) \u00e0s entidades do Grupo de Trabalho da <a href=\"https:\/\/www.agrolink.com.br\/culturas\/soja?utm_source=agrolink-detalhe-noticia&amp;utm_medium=detalhe-noticia&amp;utm_campaign=links-internos\" target=\"_blank\" rel=\"noopener\">soja<\/a> e \u00e0s empresas exportadoras signat\u00e1rias da Morat\u00f3ria da <a href=\"https:\/\/www.agrolink.com.br\/culturas\/soja?utm_source=agrolink-detalhe-noticia&amp;utm_medium=detalhe-noticia&amp;utm_campaign=links-internos\" target=\"_blank\" rel=\"noopener\">soja<\/a>, com aplica\u00e7\u00e3o apenas a partir de 1\u00ba de janeiro de 2026. A decis\u00e3o foi tomada durante a 255\u00aa Sess\u00e3o Ordin\u00e1ria de Julgamento do Tribunal.&#13;\n<\/p>\n<p>A medida determina que as empresas se abstenham de coletar, armazenar, compartilhar ou divulgar informa\u00e7\u00f5es comerciais sobre a venda, produ\u00e7\u00e3o ou aquisi\u00e7\u00e3o de soja, incluindo pre\u00e7o, volume e origem do produto. A iniciativa visa evitar pr\u00e1ticas que possam prejudicar a concorr\u00eancia no mercado nacional, diante da preocupa\u00e7\u00e3o de que a troca sistem\u00e1tica de dados sens\u00edveis entre concorrentes gere efeitos anticompetitivos.<\/p>\n<p>O processo come\u00e7ou a partir de representa\u00e7\u00e3o da Comiss\u00e3o de Agricultura da C\u00e2mara dos Deputados, que apontou que os signat\u00e1rios da Morat\u00f3ria da Soja se comprometeram a n\u00e3o comprar gr\u00e3os de produtores com \u00e1reas desmatadas na Amaz\u00f4nia ap\u00f3s 2008. A SG\/Cade identificou que empresas formaram o Grupo de Trabalho da Soja para monitorar o mercado e viabilizar acordos de compra da commodity, pr\u00e1tica considerada anticompetitiva.&#13;\n<\/p>\n<p>Algumas entidades do setor comemoraram a decis\u00e3o, como \u00e9 o caso da Aprosoja-MT. \u201cH\u00e1 anos, um acordo privado, sem respaldo legal, vem impondo barreiras comerciais injustas aos produtores, sobretudo os pequenos e m\u00e9dios, impedindo a comercializa\u00e7\u00e3o de safras cultivadas em \u00e1reas regulares e licenciadas. A Aprosoja MT seguir\u00e1 vigilante e atuante para garantir que produtores que respeitam a lei tamb\u00e9m tenham o direito de produzir, prosperar e contribuir com o desenvolvimento do pa\u00eds\u201d, disse.<br \/>&#13;<br \/>\n\u00a0<\/p>\n<\/p><\/div>\n<\/p><\/div>\n<p><script data-cfasync=\"false\">\n    !function (f, b, e, v, n, t, s) {\n        if (f.fbq) return; n = f.fbq = function () {\n            n.callMethod ?\n                n.callMethod.apply(n, arguments) : n.queue.push(arguments)\n        };\n        if (!f._fbq) f._fbq = n; n.push = n; n.loaded = !0; n.version = '2.0';\n        n.queue = []; t = b.createElement(e); t.async = !0;\n        t.src = v; s = b.getElementsByTagName(e)[0];\n        s.parentNode.insertBefore(t, s)\n    }(window, document, 'script',\n        'https:\/\/connect.facebook.net\/en_US\/fbevents.js');\n    fbq('init', '522546078623747');\n    fbq('track', 'PageView');\n<\/script><br \/>\n<br \/><br \/>\n<br \/><a href=\"https:\/\/www.agrolink.com.br\/noticias\/cade-mantem-medidas-da-moratoria-da-soja_506491.html\">Source link <\/a><\/p>\n","protected":false},"excerpt":{"rendered":"<p>&#13; A iniciativa visa evitar pr\u00e1ticas que possam prejudicar a concorr\u00eancia&#13; &#13; Agrolink&#13; &#13; &#8211; Leonardo Gottems&#13; &#13; Publicado em<\/p>\n","protected":false},"author":1,"featured_media":6757,"comment_status":"open","ping_status":"open","sticky":false,"template":"","format":"standard","meta":{"_monsterinsights_skip_tracking":false,"_monsterinsights_sitenote_active":false,"_monsterinsights_sitenote_note":"","_monsterinsights_sitenote_category":0,"_uf_show_specific_survey":0,"_uf_disable_surveys":false,"footnotes":""},"categories":[8,1,14],"tags":[],"class_list":["post-21257","post","type-post","status-publish","format-standard","has-post-thumbnail","hentry","category-agro","category-news","category-politica-agro"],"_links":{"self":[{"href":"https:\/\/agromt.news\/index.php?rest_route=\/wp\/v2\/posts\/21257"}],"collection":[{"href":"https:\/\/agromt.news\/index.php?rest_route=\/wp\/v2\/posts"}],"about":[{"href":"https:\/\/agromt.news\/index.php?rest_route=\/wp\/v2\/types\/post"}],"author":[{"embeddable":true,"href":"https:\/\/agromt.news\/index.php?rest_route=\/wp\/v2\/users\/1"}],"replies":[{"embeddable":true,"href":"https:\/\/agromt.news\/index.php?rest_route=%2Fwp%2Fv2%2Fcomments&post=21257"}],"version-history":[{"count":0,"href":"https:\/\/agromt.news\/index.php?rest_route=\/wp\/v2\/posts\/21257\/revisions"}],"wp:featuredmedia":[{"embeddable":true,"href":"https:\/\/agromt.news\/index.php?rest_route=\/wp\/v2\/media\/6757"}],"wp:attachment":[{"href":"https:\/\/agromt.news\/index.php?rest_route=%2Fwp%2Fv2%2Fmedia&parent=21257"}],"wp:term":[{"taxonomy":"category","embeddable":true,"href":"https:\/\/agromt.news\/index.php?rest_route=%2Fwp%2Fv2%2Fcategories&post=21257"},{"taxonomy":"post_tag","embeddable":true,"href":"https:\/\/agromt.news\/index.php?rest_route=%2Fwp%2Fv2%2Ftags&post=21257"}],"curies":[{"name":"wp","href":"https:\/\/api.w.org\/{rel}","templated":true}]}}