{"id":21255,"date":"2025-10-01T16:48:20","date_gmt":"2025-10-01T20:48:20","guid":{"rendered":"https:\/\/agromt.news\/?p=21255"},"modified":"2025-10-01T16:48:20","modified_gmt":"2025-10-01T20:48:20","slug":"dia-internacional-do-cafe-brasil-e-referencia-em-qualidade-e-producao-sustentavel-dos-graos","status":"publish","type":"post","link":"https:\/\/agromt.news\/?p=21255","title":{"rendered":"Dia Internacional do Caf\u00e9: Brasil \u00e9 refer\u00eancia em qualidade e produ\u00e7\u00e3o sustent\u00e1vel dos gr\u00e3os"},"content":{"rendered":"<p> <br \/>\n<\/p>\n<div>\n<figure><img decoding=\"async\" src=\"https:\/\/agromt.news\/wp-content\/uploads\/2025\/10\/Dia-Internacional-do-Cafe-Brasil-e-referencia-em-qualidade-e.jpg\" alt=\"cultivo gr\u00e3os de caf\u00e9\" \/><figcaption>Foto: Freepik<\/figcaption><\/figure>\n<\/div>\n<div class=\"wp-block-web-stories-embed alignnone\">\n\t\t\t<a href=\"https:\/\/www.canalrural.com.br\/web-stories\/dia-internacional-do-cafe-brasil-e-referencia-em-qualidade-e-producao-sustentavel-dos-graos\/\"><br \/>\n\t\t\t\t\t\t\t\t\t<img loading=\"lazy\" decoding=\"async\" src=\"https:\/\/agromt.news\/wp-content\/uploads\/2025\/10\/Dia-Internacional-do-Cafe-Brasil-e-referencia-em-qualidade-e.jpg\" width=\"360\" height=\"600\" alt=\"Dia Internacional do Caf\u00e9: Brasil \u00e9 refer\u00eancia em qualidade e produ\u00e7\u00e3o sustent\u00e1vel dos gr\u00e3os\" loading=\"lazy\" \/><br \/>\n\t\t\t\t\t\t\t\t<\/a>\n\t\t<\/div>\n<p><br \/>\n<br \/><a href=\"https:\/\/www.canalrural.com.br\/web-stories\/dia-internacional-do-cafe-brasil-e-referencia-em-qualidade-e-producao-sustentavel-dos-graos\/\">Source link <\/a><\/p>\n","protected":false},"excerpt":{"rendered":"<p>Foto: Freepik Source link<\/p>\n","protected":false},"author":1,"featured_media":21256,"comment_status":"open","ping_status":"open","sticky":false,"template":"","format":"standard","meta":{"_monsterinsights_skip_tracking":false,"_monsterinsights_sitenote_active":false,"_monsterinsights_sitenote_note":"","_monsterinsights_sitenote_category":0,"_uf_show_specific_survey":0,"_uf_disable_surveys":false,"footnotes":""},"categories":[1],"tags":[],"class_list":["post-21255","post","type-post","status-publish","format-standard","has-post-thumbnail","hentry","category-news"],"_links":{"self":[{"href":"https:\/\/agromt.news\/index.php?rest_route=\/wp\/v2\/posts\/21255"}],"collection":[{"href":"https:\/\/agromt.news\/index.php?rest_route=\/wp\/v2\/posts"}],"about":[{"href":"https:\/\/agromt.news\/index.php?rest_route=\/wp\/v2\/types\/post"}],"author":[{"embeddable":true,"href":"https:\/\/agromt.news\/index.php?rest_route=\/wp\/v2\/users\/1"}],"replies":[{"embeddable":true,"href":"https:\/\/agromt.news\/index.php?rest_route=%2Fwp%2Fv2%2Fcomments&post=21255"}],"version-history":[{"count":0,"href":"https:\/\/agromt.news\/index.php?rest_route=\/wp\/v2\/posts\/21255\/revisions"}],"wp:featuredmedia":[{"embeddable":true,"href":"https:\/\/agromt.news\/index.php?rest_route=\/wp\/v2\/media\/21256"}],"wp:attachment":[{"href":"https:\/\/agromt.news\/index.php?rest_route=%2Fwp%2Fv2%2Fmedia&parent=21255"}],"wp:term":[{"taxonomy":"category","embeddable":true,"href":"https:\/\/agromt.news\/index.php?rest_route=%2Fwp%2Fv2%2Fcategories&post=21255"},{"taxonomy":"post_tag","embeddable":true,"href":"https:\/\/agromt.news\/index.php?rest_route=%2Fwp%2Fv2%2Ftags&post=21255"}],"curies":[{"name":"wp","href":"https:\/\/api.w.org\/{rel}","templated":true}]}}