{"id":21249,"date":"2025-10-01T16:06:07","date_gmt":"2025-10-01T20:06:07","guid":{"rendered":"https:\/\/agromt.news\/?p=21249"},"modified":"2025-10-01T16:06:07","modified_gmt":"2025-10-01T20:06:07","slug":"o-que-muda-e-o-que-esperar-segundo-especialistas","status":"publish","type":"post","link":"https:\/\/agromt.news\/?p=21249","title":{"rendered":"o que muda e o que esperar, segundo especialistas"},"content":{"rendered":"<p> <br \/>\n<br \/><img decoding=\"async\" src=\"https:\/\/agromt.news\/wp-content\/uploads\/2025\/10\/o-que-muda-e-o-que-esperar-segundo-especialistas.jpg\" \/><\/p>\n<div>\n<p>Nesta ter\u00e7a-feira (30), o Conselho Administrativo de Defesa Econ\u00f4mica (<a href=\"https:\/\/www.gov.br\/cade\/pt-br\/pagina-inicial\">Cade<\/a>) decidiu que a Morat\u00f3ria da Soja, acordo firmado por tradings e exportadoras para n\u00e3o comercializar gr\u00e3os oriundos de \u00e1reas desmatadas na Amaz\u00f4nia, <a href=\"https:\/\/www.canalrural.com.br\/agricultura\/projeto-soja-brasil\/cade-mantem-moratoria-da-soja-ate-dezembro-suspensao-passa-a-valer-em-2026\/\">ser\u00e1 suspensa a partir de 1\u00ba de janeiro de 2026<\/a>. At\u00e9 l\u00e1, o pacto seguir\u00e1 em vigor, com validade at\u00e9 31 de dezembro de 2025.<\/p>\n<ul class=\"wp-block-list\">\n<li><strong><em>Fique por dentro das novidades e not\u00edcias recentes sobre a soja! Participe da nossa comunidade atrav\u00e9s do\u00a0<a href=\"https:\/\/chat.whatsapp.com\/BmMRwA0TZ2DHGyhzoaVEWu\">link<\/a>! \ud83c\udf31<\/em><\/strong><\/li>\n<\/ul>\n<h3 class=\"wp-block-heading\" id=\"h-a-suspensao-da-moratoria-da-soja-a-partir-de-2026\">A suspens\u00e3o da Morat\u00f3ria da Soja a partir de 2026<\/h3>\n<p>Para Dr. Marcelo Winter, s\u00f3cio da \u00e1rea de Agroneg\u00f3cio do VBSO Advogados, a decis\u00e3o indica que, a partir de janeiro, volta a vigorar a suspens\u00e3o preventiva da morat\u00f3ria, conforme deliberado em agosto deste ano. Contudo, Winter destaca que, devido a diferentes entendimentos entre os julgadores, \u00e9 poss\u00edvel que a decis\u00e3o seja discutida novamente ao final do per\u00edodo, ou seja, que em janeiro surja uma nova delibera\u00e7\u00e3o, tornando necess\u00e1rio aguardar as cenas dos pr\u00f3ximos cap\u00edtulos.<\/p>\n<p>\u201cAmbos os lados sa\u00edram parcialmente satisfeitos, com os signat\u00e1rios garantindo a manuten\u00e7\u00e3o do acordo at\u00e9 o final do ano, enquanto o setor produtivo conseguiu evitar o cancelamento integral da decis\u00e3o de agosto\u201d, afirmou.<\/p>\n<p>O advogado especializado em Agroneg\u00f3cio, Rafael Guazelli, avalia que a medida est\u00e1 estimulando o di\u00e1logo entre as empresas para encontrarem um denominador comum ou se adaptem e se preparem para a suspens\u00e3o definitiva da morat\u00f3ria. <\/p>\n<p>Confira a declara\u00e7\u00e3o completa do especialista:<\/p>\n<p><iframe title=\"Saiba o que diz advogado sobre a suspens\u00e3o da Morat\u00f3ria da Soja\" width=\"800\" height=\"450\" src=\"https:\/\/www.youtube.com\/embed\/0TFXoV-aQgo?feature=oembed\" frameborder=\"0\" allow=\"accelerometer; autoplay; clipboard-write; encrypted-media; gyroscope; picture-in-picture; web-share\" referrerpolicy=\"strict-origin-when-cross-origin\" allowfullscreen><\/iframe><noscript><iframe title=\"Saiba o que diz advogado sobre a suspens\u00e3o da Morat\u00f3ria da Soja\" width=\"800\" height=\"450\" src=\"https:\/\/www.youtube.com\/embed\/0TFXoV-aQgo?feature=oembed\" frameborder=\"0\" allow=\"accelerometer; autoplay; clipboard-write; encrypted-media; gyroscope; picture-in-picture; web-share\" referrerpolicy=\"strict-origin-when-cross-origin\" allowfullscreen><\/iframe><\/noscript><\/p>\n<p>\u201cLogicamente, esse cen\u00e1rio ressalta que ser\u00e1 necess\u00e1rio reavaliar a situa\u00e7\u00e3o em janeiro, tanto sobre a suspens\u00e3o judicial que interrompeu as medidas preventivas quanto sobre os resultados desse di\u00e1logo entre as entidades interessadas\u201d, comenta Guazelli.<\/p>\n<h3 class=\"wp-block-heading\" id=\"h-passo-importante-para-o-setor\">Passo importante para o setor <\/h3>\n<p>Miguel Daoud, comentarista do Canal Rural, diz que a decis\u00e3o do Cade representa um passo importante para o setor, afirmando que esse \u00e9 um passo importante para equilibrar produ\u00e7\u00e3o e preserva\u00e7\u00e3o. Ele destaca que o C\u00f3digo Florestal brasileiro \u00e9 rigoroso e reconhecido internacionalmente.<\/p>\n<p>A decis\u00e3o abre um per\u00edodo de expectativa no setor, com todos os envolvidos atentos \u00e0s pr\u00f3ximas delibera\u00e7\u00f5es e negocia\u00e7\u00f5es que definir\u00e3o o futuro do acordo e do com\u00e9rcio de soja no pa\u00eds a partir de 2026.<\/p>\n<\/p><\/div>\n<p><br \/>\n<br \/><a href=\"https:\/\/www.canalrural.com.br\/agricultura\/projeto-soja-brasil\/suspensao-da-moratoria-da-soja-o-que-muda-e-quais-os-proximos-passos-segundo-especialistas\/\">Source link <\/a><\/p>\n","protected":false},"excerpt":{"rendered":"<p>Nesta ter\u00e7a-feira (30), o Conselho Administrativo de Defesa Econ\u00f4mica (Cade) decidiu que a Morat\u00f3ria da Soja, acordo firmado por tradings<\/p>\n","protected":false},"author":1,"featured_media":21250,"comment_status":"open","ping_status":"open","sticky":false,"template":"","format":"standard","meta":{"_monsterinsights_skip_tracking":false,"_monsterinsights_sitenote_active":false,"_monsterinsights_sitenote_note":"","_monsterinsights_sitenote_category":0,"_uf_show_specific_survey":0,"_uf_disable_surveys":false,"footnotes":""},"categories":[1],"tags":[],"class_list":["post-21249","post","type-post","status-publish","format-standard","has-post-thumbnail","hentry","category-news"],"_links":{"self":[{"href":"https:\/\/agromt.news\/index.php?rest_route=\/wp\/v2\/posts\/21249"}],"collection":[{"href":"https:\/\/agromt.news\/index.php?rest_route=\/wp\/v2\/posts"}],"about":[{"href":"https:\/\/agromt.news\/index.php?rest_route=\/wp\/v2\/types\/post"}],"author":[{"embeddable":true,"href":"https:\/\/agromt.news\/index.php?rest_route=\/wp\/v2\/users\/1"}],"replies":[{"embeddable":true,"href":"https:\/\/agromt.news\/index.php?rest_route=%2Fwp%2Fv2%2Fcomments&post=21249"}],"version-history":[{"count":0,"href":"https:\/\/agromt.news\/index.php?rest_route=\/wp\/v2\/posts\/21249\/revisions"}],"wp:featuredmedia":[{"embeddable":true,"href":"https:\/\/agromt.news\/index.php?rest_route=\/wp\/v2\/media\/21250"}],"wp:attachment":[{"href":"https:\/\/agromt.news\/index.php?rest_route=%2Fwp%2Fv2%2Fmedia&parent=21249"}],"wp:term":[{"taxonomy":"category","embeddable":true,"href":"https:\/\/agromt.news\/index.php?rest_route=%2Fwp%2Fv2%2Fcategories&post=21249"},{"taxonomy":"post_tag","embeddable":true,"href":"https:\/\/agromt.news\/index.php?rest_route=%2Fwp%2Fv2%2Ftags&post=21249"}],"curies":[{"name":"wp","href":"https:\/\/api.w.org\/{rel}","templated":true}]}}