{"id":21246,"date":"2025-10-01T14:54:45","date_gmt":"2025-10-01T18:54:45","guid":{"rendered":"https:\/\/agromt.news\/?p=21246"},"modified":"2025-10-01T14:54:45","modified_gmt":"2025-10-01T18:54:45","slug":"brasil-pode-seguir-lider-em-exportacoes-de-soja-aponta-abiove","status":"publish","type":"post","link":"https:\/\/agromt.news\/?p=21246","title":{"rendered":"Brasil pode seguir l\u00edder em exporta\u00e7\u00f5es de soja, aponta Abiove"},"content":{"rendered":"<p> <br \/>\n<br \/><img decoding=\"async\" src=\"https:\/\/agromt.news\/wp-content\/uploads\/2024\/10\/Mercado-da-soja-deve-iniciar-a-semana-em-ritmo-lento.jpg\" \/><\/p>\n<div>\n<p>Em 2025, o Brasil foi respons\u00e1vel por colher uma <a href=\"https:\/\/www.canalrural.com.br\/?s=safra+de+soja\">safra<\/a> de soja considerada abundante. O trabalho com a oleaginosa foi essencial para que o pa\u00eds cumprisse seus compromissos comerciais, conforme afirmou a Associa\u00e7\u00e3o Brasileira das Ind\u00fastrias de \u00d3leos Vegetais (<a href=\"https:\/\/abiove.org.br\/\">Abiove<\/a>). A declara\u00e7\u00e3o aconteceu durante a 10\u00aa Safras Agri Week, que ocorre entre esta quarta-feira (1\u00ba) e quinta-feira (2).<\/p>\n<ul class=\"wp-block-list\">\n<li><strong><em>Fique por dentro das novidades e not\u00edcias recentes sobre a soja! Participe da nossa comunidade atrav\u00e9s do\u00a0<a href=\"https:\/\/chat.whatsapp.com\/BmMRwA0TZ2DHGyhzoaVEWu\">link<\/a>! \ud83c\udf31<\/em><\/strong><\/li>\n<\/ul>\n<p>A Abiove informou que aumentou a proje\u00e7\u00e3o de esmagamento ao analisar os dados at\u00e9 julho, indicando que o ano ter\u00e1 crescimento na soja esmagada. Como consequ\u00eancia, isso deve gerar maior oferta de farelo e \u00f3leo, destacou Daniel Amaral, diretor de Economia e Assuntos Regulat\u00f3rios da entidade.<\/p>\n<p>Amaral ressaltou que a disputa global est\u00e1 cada vez mais intensa. \u201cN\u00f3s n\u00e3o v\u00edamos a China crescer em compras como vimos h\u00e1 20 anos. Ao contr\u00e1rio, \u00e0s vezes mudam os pa\u00edses. Estamos chegando a uma situa\u00e7\u00e3o em que a concorr\u00eancia \u00e9 cada vez mais acirrada e todos os mercados ser\u00e3o disputados com unhas e dentes\u201d, disse.<\/p>\n<h3 class=\"wp-block-heading\" id=\"h-brasil-como-lider-na-exportacao-de-soja\">Brasil como l\u00edder na exporta\u00e7\u00e3o de soja <\/h3>\n<p>Apesar da press\u00e3o externa, a Abiove acredita que o Brasil seguir\u00e1 l\u00edder. \u201cNossa vis\u00e3o \u00e9 que sim, o Brasil vai seguir sendo l\u00edder na exporta\u00e7\u00e3o. O pa\u00eds \u00e9 muito bem visto l\u00e1 fora, nos enxergam como parceiro comercial, que ajuda na seguran\u00e7a alimentar. Mas temos desafios: a infraestrutura de gr\u00e3os precisa melhorar muito, a log\u00edstica tamb\u00e9m, com estradas danificadas. Se conseguimos com tantas dificuldades, imagina quando resolvermos\u201d, afirmou.<\/p>\n<p>Para o analista de Safras &amp; Mercado, Rafael Silveira, 2025 foi um ano de forte oscila\u00e7\u00e3o. \u201cMuita volatilidade. O ano \u00e9 muito pol\u00edtico, se adaptando \u00e0s quest\u00f5es geopol\u00edticas. Foi um ano de oferta recorde de soja brasileira, pr\u00f3ximos de 172 milh\u00f5es de toneladas, e os pre\u00e7os para o produtor ficaram relativamente bons, mesmo com a press\u00e3o da oferta\u201d, disse. Ele acrescentou que as exporta\u00e7\u00f5es devem atingir 105 milh\u00f5es de toneladas.<\/p>\n<h3 class=\"wp-block-heading\" id=\"h-projecoes-para-a-safra-25-26\">Proje\u00e7\u00f5es para a safra 25\/26 <\/h3>\n<p>A Safras &amp; Mercado projeta outra safra recorde em 2026, pr\u00f3xima de 180 milh\u00f5es de toneladas, embora com menor expans\u00e3o da \u00e1rea plantada. \u201cDeve haver aumento de \u00e1rea novamente, mas n\u00e3o t\u00e3o alto, com os custos de produ\u00e7\u00e3o muito elevados devido \u00e0 taxa de juros\u201d, avaliou Silveira.<\/p>\n<p>O analista Gabriel Viana destacou tend\u00eancias distintas para os derivados. Segundo ele, a tend\u00eancia \u00e9 de firmeza dos pre\u00e7os do \u00f3leo de soja at\u00e9 o final do ano, mesmo com safras grandes no Brasil, na Argentina e boas nos Estados Unidos. Por outro lado, no farelo de soja o movimento \u00e9 oposto. \u201cSe n\u00e3o houver aumento no consumo, a tend\u00eancia \u00e9 de enfraquecimento das cota\u00e7\u00f5es, e na CBOT temos o menor n\u00edvel de pre\u00e7os em quase dez anos\u201d, afirmou.<\/p>\n<\/p><\/div>\n<p><br \/>\n<br \/><a href=\"https:\/\/www.canalrural.com.br\/agricultura\/projeto-soja-brasil\/brasil-pode-seguir-lider-em-exportacoes-de-soja-aponta-abiove\/\">Source link <\/a><\/p>\n","protected":false},"excerpt":{"rendered":"<p>Em 2025, o Brasil foi respons\u00e1vel por colher uma safra de soja considerada abundante. O trabalho com a oleaginosa foi<\/p>\n","protected":false},"author":1,"featured_media":2938,"comment_status":"open","ping_status":"open","sticky":false,"template":"","format":"standard","meta":{"_monsterinsights_skip_tracking":false,"_monsterinsights_sitenote_active":false,"_monsterinsights_sitenote_note":"","_monsterinsights_sitenote_category":0,"_uf_show_specific_survey":0,"_uf_disable_surveys":false,"footnotes":""},"categories":[1],"tags":[],"class_list":["post-21246","post","type-post","status-publish","format-standard","has-post-thumbnail","hentry","category-news"],"_links":{"self":[{"href":"https:\/\/agromt.news\/index.php?rest_route=\/wp\/v2\/posts\/21246"}],"collection":[{"href":"https:\/\/agromt.news\/index.php?rest_route=\/wp\/v2\/posts"}],"about":[{"href":"https:\/\/agromt.news\/index.php?rest_route=\/wp\/v2\/types\/post"}],"author":[{"embeddable":true,"href":"https:\/\/agromt.news\/index.php?rest_route=\/wp\/v2\/users\/1"}],"replies":[{"embeddable":true,"href":"https:\/\/agromt.news\/index.php?rest_route=%2Fwp%2Fv2%2Fcomments&post=21246"}],"version-history":[{"count":0,"href":"https:\/\/agromt.news\/index.php?rest_route=\/wp\/v2\/posts\/21246\/revisions"}],"wp:featuredmedia":[{"embeddable":true,"href":"https:\/\/agromt.news\/index.php?rest_route=\/wp\/v2\/media\/2938"}],"wp:attachment":[{"href":"https:\/\/agromt.news\/index.php?rest_route=%2Fwp%2Fv2%2Fmedia&parent=21246"}],"wp:term":[{"taxonomy":"category","embeddable":true,"href":"https:\/\/agromt.news\/index.php?rest_route=%2Fwp%2Fv2%2Fcategories&post=21246"},{"taxonomy":"post_tag","embeddable":true,"href":"https:\/\/agromt.news\/index.php?rest_route=%2Fwp%2Fv2%2Ftags&post=21246"}],"curies":[{"name":"wp","href":"https:\/\/api.w.org\/{rel}","templated":true}]}}