{"id":21245,"date":"2025-10-01T14:53:38","date_gmt":"2025-10-01T18:53:38","guid":{"rendered":"https:\/\/agromt.news\/?p=21245"},"modified":"2025-10-01T14:53:38","modified_gmt":"2025-10-01T18:53:38","slug":"federarroz-e-farsul-vao-debater-cenarios-e-perspectivas-para-a-safra-de-arroz","status":"publish","type":"post","link":"https:\/\/agromt.news\/?p=21245","title":{"rendered":"Federarroz e Farsul v\u00e3o debater cen\u00e1rios e perspectivas para a safra de arroz"},"content":{"rendered":"<p> <br \/>\n<\/p>\n<div>\n<div class=\"row\">\n<div class=\"col-lg col-infos mt-0 mt-lg-0\">\n<div class=\"section-sub-title\">\n<p itemprop=\"description\">&#13;<br \/>\n                                Setor oriz\u00edcola enfrenta dificuldades com importa\u00e7\u00e3o, tributos e custo de produ\u00e7\u00e3o &#13;\n                            <\/p>\n<\/p><\/div>\n<div class=\"container\">\n<div class=\"row\">\n<div class=\"col-lg p-0 text-lg-end\">\n<div>\n<div id=\"mdEnviarPagina\" class=\"modal fade\" role=\"dialog\">\n<div class=\"modal-dialog\">\n<div class=\"modal-content\">\n<div class=\"modal-body\">\n<p><strong>Estimado usu\u00e1rio.<\/strong><br \/>Preencha o formul\u00e1rio abaixo para remeter a p\u00e1gina.<\/p>\n<\/p><\/div>\n<\/p><\/div>\n<\/p><\/div>\n<\/div><\/div>\n<\/p><\/div>\n<\/p><\/div>\n<\/p><\/div>\n<\/p><\/div>\n<\/p><\/div>\n<div class=\"row justify-content-md-center mt-3\">\n<div class=\"col-lg-auto col-image block-news-main-image\">\n<p>                                <img decoding=\"async\" src=\"https:\/\/www.agrolink.com.br\/upload\/imagens-resizes\/5f6e8fb8ad14406789c012a4d2bd578a_858x483.jpg\" class=\"lazyload img-fluid\"\/><br \/>\n                                                <span class=\"publicity-photo d-block mt-1\">Foto: Pixabay<\/span><\/p><\/div>\n<\/p><\/div>\n<div class=\"section-description section-description-noticias mt-3\">\n<p style=\"text-align:justify\">A palestra online \u201cContexto da Safra de <a href=\"https:\/\/www.agrolink.com.br\/culturas\/arroz\/?utm_source=agrolink-detalhe-noticia&amp;utm_medium=detalhe-noticia&amp;utm_campaign=links-internos\" target=\"_blank\" rel=\"noopener\">arroz<\/a> 2025\/2026\u201d vai acontecer na pr\u00f3xima quinta-feira, 2 de outubro, a partir das 19h. Participam o presidente da Federa\u00e7\u00e3o dos Arrozeiros do Rio Grande do Sul (Federarroz), Denis Nunes, e o economista-chefe do Sistema Farsul e CEO da Agromoney, Ant\u00f4nio da Luz. O encontro vai apresentar an\u00e1lises sobre os principais fatores que influenciam a pr\u00f3xima safra, com transmiss\u00e3o pelo canal da Federarroz no YouTube.&#13;\n<\/p>\n<p style=\"text-align:justify\">O presidente da Federarroz, Denis Nunes, destaca que a ideia \u00e9 aprofundar o quadro de dificuldades e incertezas que vive o setor. \u201cVamos falar sobre o contexto que enfrentaremos na safra 2025\/2026, bem como as a\u00e7\u00f5es que devemos tomar ainda neste plantio de 2025. J\u00e1 o economista Ant\u00f4nio da Luz dever\u00e1 especificar mais como est\u00e3o os estoques e como dever\u00e3o ficar se tomarmos ou n\u00e3o as a\u00e7\u00f5es necess\u00e1rias neste plantio\u201d, observa.&#13;\n<\/p>\n<p style=\"text-align:justify\">Entre os pontos que dever\u00e3o ser abordados est\u00e3o o cen\u00e1rio econ\u00f4mico do arroz no Brasil e no Rio Grande do Sul, custos de produ\u00e7\u00e3o e insumos, \u00e1rea plantada e estrat\u00e9gia de redu\u00e7\u00e3o, mercado interno e competitividade, pol\u00edticas p\u00fablicas e demandas aos governos, riscos e incertezas clim\u00e1ticas, log\u00edstica, perspectivas e orienta\u00e7\u00f5es aos produtores.&#13;\n<\/p>\n<\/p><\/div>\n<\/p><\/div>\n<p><script data-cfasync=\"false\">\n    !function (f, b, e, v, n, t, s) {\n        if (f.fbq) return; n = f.fbq = function () {\n            n.callMethod ?\n                n.callMethod.apply(n, arguments) : n.queue.push(arguments)\n        };\n        if (!f._fbq) f._fbq = n; n.push = n; n.loaded = !0; n.version = '2.0';\n        n.queue = []; t = b.createElement(e); t.async = !0;\n        t.src = v; s = b.getElementsByTagName(e)[0];\n        s.parentNode.insertBefore(t, s)\n    }(window, document, 'script',\n        'https:\/\/connect.facebook.net\/en_US\/fbevents.js');\n    fbq('init', '522546078623747');\n    fbq('track', 'PageView');\n<\/script><br \/>\n<br \/><br \/>\n<br \/><a href=\"https:\/\/www.agrolink.com.br\/noticias\/federarroz-e-farsul-vao-debater-cenarios-e-perspectivas-para-a-safra-de-arroz_506492.html\">Source link <\/a><\/p>\n","protected":false},"excerpt":{"rendered":"<p>&#13; Setor oriz\u00edcola enfrenta dificuldades com importa\u00e7\u00e3o, tributos e custo de produ\u00e7\u00e3o &#13; Estimado usu\u00e1rio.Preencha o formul\u00e1rio abaixo para remeter<\/p>\n","protected":false},"author":1,"featured_media":4358,"comment_status":"open","ping_status":"open","sticky":false,"template":"","format":"standard","meta":{"_monsterinsights_skip_tracking":false,"_monsterinsights_sitenote_active":false,"_monsterinsights_sitenote_note":"","_monsterinsights_sitenote_category":0,"_uf_show_specific_survey":0,"_uf_disable_surveys":false,"footnotes":""},"categories":[8,1,14],"tags":[],"class_list":["post-21245","post","type-post","status-publish","format-standard","has-post-thumbnail","hentry","category-agro","category-news","category-politica-agro"],"_links":{"self":[{"href":"https:\/\/agromt.news\/index.php?rest_route=\/wp\/v2\/posts\/21245"}],"collection":[{"href":"https:\/\/agromt.news\/index.php?rest_route=\/wp\/v2\/posts"}],"about":[{"href":"https:\/\/agromt.news\/index.php?rest_route=\/wp\/v2\/types\/post"}],"author":[{"embeddable":true,"href":"https:\/\/agromt.news\/index.php?rest_route=\/wp\/v2\/users\/1"}],"replies":[{"embeddable":true,"href":"https:\/\/agromt.news\/index.php?rest_route=%2Fwp%2Fv2%2Fcomments&post=21245"}],"version-history":[{"count":0,"href":"https:\/\/agromt.news\/index.php?rest_route=\/wp\/v2\/posts\/21245\/revisions"}],"wp:featuredmedia":[{"embeddable":true,"href":"https:\/\/agromt.news\/index.php?rest_route=\/wp\/v2\/media\/4358"}],"wp:attachment":[{"href":"https:\/\/agromt.news\/index.php?rest_route=%2Fwp%2Fv2%2Fmedia&parent=21245"}],"wp:term":[{"taxonomy":"category","embeddable":true,"href":"https:\/\/agromt.news\/index.php?rest_route=%2Fwp%2Fv2%2Fcategories&post=21245"},{"taxonomy":"post_tag","embeddable":true,"href":"https:\/\/agromt.news\/index.php?rest_route=%2Fwp%2Fv2%2Ftags&post=21245"}],"curies":[{"name":"wp","href":"https:\/\/api.w.org\/{rel}","templated":true}]}}