{"id":21244,"date":"2025-10-01T13:28:53","date_gmt":"2025-10-01T17:28:53","guid":{"rendered":"https:\/\/agromt.news\/?p=21244"},"modified":"2025-10-01T13:28:53","modified_gmt":"2025-10-01T17:28:53","slug":"governo-federal-pede-mais-prazo-para-regulamentacao-de-uso-de-cannabis-para-fins-medicinais","status":"publish","type":"post","link":"https:\/\/agromt.news\/?p=21244","title":{"rendered":"Governo Federal pede mais prazo para regulamenta\u00e7\u00e3o de uso de cannabis para fins medicinais"},"content":{"rendered":"<p> <br \/>\n<br \/><img decoding=\"async\" src=\"https:\/\/agromt.news\/wp-content\/uploads\/2025\/05\/Cultivo-de-cannabis-medicinal-pelo-agronegocio-e-destaque-em-congresso.jpg\" \/><\/p>\n<div>\n<p>O governo, por meio da Advocacia-Geral da Uni\u00e3o (AGU), solicitou ao Superior Tribunal de Justi\u00e7a (STJ) a prorroga\u00e7\u00e3o em 180 dias do prazo para a publica\u00e7\u00e3o do ato normativo que vai regulamentar o acesso aos f\u00e1rmacos derivados de cannabis, para fins medicinais e cient\u00edficos, em todas as suas etapas. O pedido foi feito na ter\u00e7a-feira (30\/9) \u00e0 ministra Regina Helena Costa, relatora do Incidente de Assun\u00e7\u00e3o de Compet\u00eancia (IAC) 16.<\/p>\n<p>De acordo com o plano de a\u00e7\u00e3o entregue em maio ao STJ, a regulamenta\u00e7\u00e3o normativa deveria ser publicada at\u00e9 o dia 30 de setembro. O ac\u00f3rd\u00e3o determinou que a Uni\u00e3o e a Ag\u00eancia Nacional de Vigil\u00e2ncia Sanit\u00e1ria (Anvisa) editassem a regulamenta\u00e7\u00e3o autorizando a importa\u00e7\u00e3o de sementes, o plantio, cultivo e comercializa\u00e7\u00e3o da variedade da cannabis para fins exclusivamente medicinais<\/p>\n<p>A amplia\u00e7\u00e3o do prazo tem como objetivo discutir com os setores envolvidos e com a sociedade as solu\u00e7\u00f5es para que a regulamenta\u00e7\u00e3o seja efetiva e abrangente e defina as atividades necess\u00e1rias \u00e0 garantia da seguran\u00e7a \u00e0 sa\u00fade.<\/p>\n<h2 class=\"wp-block-heading\" id=\"h-novo-cronograma\">Novo cronograma<\/h2>\n<p>Para isso, o pedido prop\u00f5e um novo cronograma para ser cumprido em seis meses que inclui a participa\u00e7\u00e3o popular, com a oitiva da sociedade civil; an\u00e1lise e compila\u00e7\u00e3o das informa\u00e7\u00f5es e contribui\u00e7\u00f5es recebidas; elabora\u00e7\u00e3o de documentos e minuta de ato normativo e, por fim, edi\u00e7\u00e3o da norma de regulamenta\u00e7\u00e3o.<\/p>\n<p>O Plano de A\u00e7\u00e3o para Regula\u00e7\u00e3o e Fiscaliza\u00e7\u00e3o do Acesso a tratamentos de doen\u00e7as com f\u00e1rmacos a base de cannabis, entregue em maio ao STJ, foi elaborado em cumprimento a decis\u00e3o do tribunal, de novembro de 2024. A corte autorizou a <a href=\"https:\/\/www.canalrural.com.br\/agricultura\/cultivo-de-cannabis-medicinal-pelo-agronegocio-e-destaque-em-congresso\/\">produ\u00e7\u00e3o no pa\u00eds para fins exclusivamente medicinais<\/a>, estabelecendo um prazo para sua regulamenta\u00e7\u00e3o.<\/p>\n<p>A proposta do governo contida no Plano de A\u00e7\u00e3o foi elaborada a partir da articula\u00e7\u00e3o entre diferentes \u00f3rg\u00e3os do poder executivo, al\u00e9m do di\u00e1logo com especialistas, associa\u00e7\u00f5es de pacientes, institui\u00e7\u00f5es cient\u00edficas e representantes do setor regulado.<\/p>\n<p>No Brasil, desde 2015, a Anvisa autoriza a importa\u00e7\u00e3o de produtos \u00e0 base de cannabis com prescri\u00e7\u00e3o m\u00e9dica e, a partir de 2019, foi regulamentada a comercializa\u00e7\u00e3o no pa\u00eds com mat\u00e9ria-prima importada.<\/p>\n<h2 class=\"wp-block-heading\" id=\"h-potencial-terapeutico\">Potencial terap\u00eautico<\/h2>\n<p>Estima-se que mais de 670 mil pessoas no Brasil utilizem f\u00e1rmacos \u00e0 base de cannabis para o tratamento de condi\u00e7\u00f5es graves, como esclerose m\u00faltipla, epilepsia refrat\u00e1ria e dor cr\u00f4nica.<\/p>\n<p>Estudos cient\u00edficos consolidados comprovam o potencial terap\u00eautico no controle de sintomas resistentes \u00e0s abordagens convencionais, com impacto significativo na qualidade de vida desses pacientes.<\/p>\n<p>O acesso a esses tratamentos ocorre, principalmente, por via judicial. O Minist\u00e9rio da Sa\u00fade, desde 2022, atendeu cerca de 820 decis\u00f5es para oferta desses produtos. Embora sem regulamenta\u00e7\u00e3o no pa\u00eds, muitas pessoas f\u00edsicas e jur\u00eddicas conseguem na Justi\u00e7a autoriza\u00e7\u00e3o para produ\u00e7\u00e3o exclusivamente para uso medicinal.<\/p>\n<\/p><\/div>\n<p><br \/>\n<br \/><a href=\"https:\/\/www.canalrural.com.br\/nacional\/governo-federal-pede-mais-prazo-para-regulamentacao-de-uso-de-cannabis-para-fins-medicinais\/\">Source link <\/a><\/p>\n","protected":false},"excerpt":{"rendered":"<p>O governo, por meio da Advocacia-Geral da Uni\u00e3o (AGU), solicitou ao Superior Tribunal de Justi\u00e7a (STJ) a prorroga\u00e7\u00e3o em 180<\/p>\n","protected":false},"author":1,"featured_media":14071,"comment_status":"open","ping_status":"open","sticky":false,"template":"","format":"standard","meta":{"_monsterinsights_skip_tracking":false,"_monsterinsights_sitenote_active":false,"_monsterinsights_sitenote_note":"","_monsterinsights_sitenote_category":0,"_uf_show_specific_survey":0,"_uf_disable_surveys":false,"footnotes":""},"categories":[1],"tags":[],"class_list":["post-21244","post","type-post","status-publish","format-standard","has-post-thumbnail","hentry","category-news"],"_links":{"self":[{"href":"https:\/\/agromt.news\/index.php?rest_route=\/wp\/v2\/posts\/21244"}],"collection":[{"href":"https:\/\/agromt.news\/index.php?rest_route=\/wp\/v2\/posts"}],"about":[{"href":"https:\/\/agromt.news\/index.php?rest_route=\/wp\/v2\/types\/post"}],"author":[{"embeddable":true,"href":"https:\/\/agromt.news\/index.php?rest_route=\/wp\/v2\/users\/1"}],"replies":[{"embeddable":true,"href":"https:\/\/agromt.news\/index.php?rest_route=%2Fwp%2Fv2%2Fcomments&post=21244"}],"version-history":[{"count":0,"href":"https:\/\/agromt.news\/index.php?rest_route=\/wp\/v2\/posts\/21244\/revisions"}],"wp:featuredmedia":[{"embeddable":true,"href":"https:\/\/agromt.news\/index.php?rest_route=\/wp\/v2\/media\/14071"}],"wp:attachment":[{"href":"https:\/\/agromt.news\/index.php?rest_route=%2Fwp%2Fv2%2Fmedia&parent=21244"}],"wp:term":[{"taxonomy":"category","embeddable":true,"href":"https:\/\/agromt.news\/index.php?rest_route=%2Fwp%2Fv2%2Fcategories&post=21244"},{"taxonomy":"post_tag","embeddable":true,"href":"https:\/\/agromt.news\/index.php?rest_route=%2Fwp%2Fv2%2Ftags&post=21244"}],"curies":[{"name":"wp","href":"https:\/\/api.w.org\/{rel}","templated":true}]}}