{"id":21178,"date":"2025-09-30T17:33:07","date_gmt":"2025-09-30T21:33:07","guid":{"rendered":"https:\/\/agromt.news\/?p=21178"},"modified":"2025-09-30T17:33:07","modified_gmt":"2025-09-30T21:33:07","slug":"colheita-de-milho-safrinha-e-concluida-no-pr-plantio-de-verao-alcanca-77-da-area","status":"publish","type":"post","link":"https:\/\/agromt.news\/?p=21178","title":{"rendered":"Colheita de milho safrinha \u00e9 conclu\u00edda no PR; plantio de ver\u00e3o alcan\u00e7a 77% da \u00e1rea"},"content":{"rendered":"<p> <br \/>\n<br \/><img decoding=\"async\" src=\"https:\/\/agromt.news\/wp-content\/uploads\/2024\/09\/diversificar-soja-milho-20-agosto.jpg\" \/><\/p>\n<div>\n<p>A colheita de milho segunda safra 2024\/25, ou de inverno, no Paran\u00e1, foi encerrada (29), segundo o Departamento de Economia Rural <strong><a href=\"http:\/\/www.canalrural.com.br\/tag\/deral\/\">(Deral)<\/a><\/strong>, da Secretaria de Agricultura do estado (Seab). As lavouras atingiram 100% de matura\u00e7\u00e3o, com 60% em boas condi\u00e7\u00f5es e 40% em condi\u00e7\u00e3o m\u00e9dia.<\/p>\n<p>Segundo o Deral, o plantio da safra de ver\u00e3o de milho 2025\/26 avan\u00e7a em praticamente todas as regi\u00f5es produtoras, com grande parte da \u00e1rea j\u00e1 implantada.<\/p>\n<p>Do milho, 77% da \u00e1rea prevista foi semeada. At\u00e9 agora, 23% das lavouras est\u00e3o em fase de germina\u00e7\u00e3o e 77%, em desenvolvimento vegetativo. Em sua maioria, as condi\u00e7\u00f5es s\u00e3o boas (99%), com apenas 1% em condi\u00e7\u00e3o m\u00e9dia.<\/p>\n<p>\u201cAs chuvas da \u00faltima semana favoreceram a germina\u00e7\u00e3o e o desenvolvimento inicial das lavouras, que apresentam boas condi\u00e7\u00f5es\u201d, disse o Deral em boletim.<\/p>\n<p>Sobre a colheita da safra de trigo 2025, o Deral mostra que o cereal foi retirado de 53% da \u00e1rea semeada e que 90% das lavouras t\u00eam condi\u00e7\u00e3o boa, 9% m\u00e9dia e 1% ruim.<\/p>\n<p>\u201cA colheita do trigo avan\u00e7a em diferentes regi\u00f5es, j\u00e1 pr\u00f3xima da conclus\u00e3o em algumas localidades. Apesar dos impactos pontuais de geadas e temporais, a maioria das lavouras mant\u00e9m boas perspectivas de produtividade\u201d, relatou o Deral. O \u00f3rg\u00e3o aponta que 51% das lavouras est\u00e3o em fase de matura\u00e7\u00e3o, 37% em frutifica\u00e7\u00e3o, 11% em flora\u00e7\u00e3o e 1% em desenvolvimento vegetativo.<\/p>\n<p>Segundo a entidade, nas \u00e1reas mais afetadas, especialmente pelas geadas, foram registradas baixas produtividades. \u201cEm geral, a safra apresenta resultados considerados satisfat\u00f3rios e, em alguns casos, superiores \u00e0s expectativas iniciais.\u201d<\/p>\n<\/p><\/div>\n<p><br \/>\n<br \/><a href=\"https:\/\/www.canalrural.com.br\/agricultura\/colheita-de-milho-safrinha-e-concluida-no-pr-diz-deral-trigo-esta-53-colhido\/\">Source link <\/a><\/p>\n","protected":false},"excerpt":{"rendered":"<p>A colheita de milho segunda safra 2024\/25, ou de inverno, no Paran\u00e1, foi encerrada (29), segundo o Departamento de Economia<\/p>\n","protected":false},"author":1,"featured_media":1469,"comment_status":"open","ping_status":"open","sticky":false,"template":"","format":"standard","meta":{"_monsterinsights_skip_tracking":false,"_monsterinsights_sitenote_active":false,"_monsterinsights_sitenote_note":"","_monsterinsights_sitenote_category":0,"_uf_show_specific_survey":0,"_uf_disable_surveys":false,"footnotes":""},"categories":[1],"tags":[],"class_list":["post-21178","post","type-post","status-publish","format-standard","has-post-thumbnail","hentry","category-news"],"_links":{"self":[{"href":"https:\/\/agromt.news\/index.php?rest_route=\/wp\/v2\/posts\/21178"}],"collection":[{"href":"https:\/\/agromt.news\/index.php?rest_route=\/wp\/v2\/posts"}],"about":[{"href":"https:\/\/agromt.news\/index.php?rest_route=\/wp\/v2\/types\/post"}],"author":[{"embeddable":true,"href":"https:\/\/agromt.news\/index.php?rest_route=\/wp\/v2\/users\/1"}],"replies":[{"embeddable":true,"href":"https:\/\/agromt.news\/index.php?rest_route=%2Fwp%2Fv2%2Fcomments&post=21178"}],"version-history":[{"count":0,"href":"https:\/\/agromt.news\/index.php?rest_route=\/wp\/v2\/posts\/21178\/revisions"}],"wp:featuredmedia":[{"embeddable":true,"href":"https:\/\/agromt.news\/index.php?rest_route=\/wp\/v2\/media\/1469"}],"wp:attachment":[{"href":"https:\/\/agromt.news\/index.php?rest_route=%2Fwp%2Fv2%2Fmedia&parent=21178"}],"wp:term":[{"taxonomy":"category","embeddable":true,"href":"https:\/\/agromt.news\/index.php?rest_route=%2Fwp%2Fv2%2Fcategories&post=21178"},{"taxonomy":"post_tag","embeddable":true,"href":"https:\/\/agromt.news\/index.php?rest_route=%2Fwp%2Fv2%2Ftags&post=21178"}],"curies":[{"name":"wp","href":"https:\/\/api.w.org\/{rel}","templated":true}]}}