{"id":21175,"date":"2025-09-30T17:05:08","date_gmt":"2025-09-30T21:05:08","guid":{"rendered":"https:\/\/agromt.news\/?p=21175"},"modified":"2025-09-30T17:05:08","modified_gmt":"2025-09-30T21:05:08","slug":"fpa-se-mantem-contraria-a-taxacao-das-lcas-diz-lupion","status":"publish","type":"post","link":"https:\/\/agromt.news\/?p=21175","title":{"rendered":"FPA se mant\u00e9m contr\u00e1ria \u00e0 taxa\u00e7\u00e3o das LCAs, diz Lupion"},"content":{"rendered":"<p> <br \/>\n<br \/><img decoding=\"async\" src=\"https:\/\/agromt.news\/wp-content\/uploads\/2024\/10\/presidente-da-FPA-deputado-federal-Pedro-Lupion-PP-PR-STF.jpg\" \/><\/p>\n<div>\n<p>O presidente da <a href=\"https:\/\/www.canalrural.com.br\/tag\/fpa\/\">Frente Parlamentar da Agropecu\u00e1ria (FPA)<\/a>, deputado federal Pedro Lupion (PP-PR), afirmou nesta ter\u00e7a-feira (30), que a bancada mant\u00e9m a contrariedade quanto \u00e0 taxa\u00e7\u00e3o sobre as Letras de Cr\u00e9dito do Agroneg\u00f3cio (LCAs), prevista na <a href=\"https:\/\/www.in.gov.br\/en\/web\/dou\/-\/medida-provisoria-n-1.303-de-11-de-junho-de-2025-635608558\">Medida Provis\u00f3ria 1303\/2025<\/a>, editada como alternativa \u00e0 alta do Imposto sobre Opera\u00e7\u00f5es Financeiras (IOF).<\/p>\n<p>\u201cMantemos posicionamento fechado contra taxa\u00e7\u00e3o de 7,5% sobre rendimento das LCAs e o  relator sabe disso. Al\u00edquota de 5% tamb\u00e9m n\u00e3o atende \u00e0 bancada\u201d, disse Lupion, em entrevista coletiva de imprensa ap\u00f3s reuni\u00e3o semanal da FPA.<\/p>\n<p>O l\u00edder da agropecu\u00e1ria disse ainda que a bancada mant\u00e9m discuss\u00f5es com o relator do projeto, deputado federal Carlos Zarattini (PT-SP). \u201cConversas com o relator avan\u00e7aram em alguns pontos e em outros, n\u00e3o\u201d, destacou.<\/p>\n<h3 class=\"wp-block-heading\" id=\"h-tramitacao-da-mp-1303-2025\">Tramita\u00e7\u00e3o da MP 1303\/2025<\/h3>\n<p>A MP, apresentada pelo governo em alternativa \u00e0 eleva\u00e7\u00e3o do Imposto sobre Opera\u00e7\u00f5es Financeiras, teve sua vota\u00e7\u00e3o, inicialmente prevista para hoje, adiada na comiss\u00e3o mista que analisa o texto. A nova data agora \u00e9 2 de outubro.<\/p>\n<p>O presidente da C\u00e2mara dos Deputados, Hugo Motta (Republicanos-PB), participou do almo\u00e7o da bancada agropecu\u00e1ria, mas n\u00e3o falou com a imprensa.<\/p>\n<\/p><\/div>\n<p><br \/>\n<br \/><a href=\"https:\/\/www.canalrural.com.br\/politica\/fpa-mantem-contrariedade-a-taxacao-das-lcas-diz-presidente-da-bancada\/\">Source link <\/a><\/p>\n","protected":false},"excerpt":{"rendered":"<p>O presidente da Frente Parlamentar da Agropecu\u00e1ria (FPA), deputado federal Pedro Lupion (PP-PR), afirmou nesta ter\u00e7a-feira (30), que a bancada<\/p>\n","protected":false},"author":1,"featured_media":3047,"comment_status":"open","ping_status":"open","sticky":false,"template":"","format":"standard","meta":{"_monsterinsights_skip_tracking":false,"_monsterinsights_sitenote_active":false,"_monsterinsights_sitenote_note":"","_monsterinsights_sitenote_category":0,"_uf_show_specific_survey":0,"_uf_disable_surveys":false,"footnotes":""},"categories":[1],"tags":[],"class_list":["post-21175","post","type-post","status-publish","format-standard","has-post-thumbnail","hentry","category-news"],"_links":{"self":[{"href":"https:\/\/agromt.news\/index.php?rest_route=\/wp\/v2\/posts\/21175"}],"collection":[{"href":"https:\/\/agromt.news\/index.php?rest_route=\/wp\/v2\/posts"}],"about":[{"href":"https:\/\/agromt.news\/index.php?rest_route=\/wp\/v2\/types\/post"}],"author":[{"embeddable":true,"href":"https:\/\/agromt.news\/index.php?rest_route=\/wp\/v2\/users\/1"}],"replies":[{"embeddable":true,"href":"https:\/\/agromt.news\/index.php?rest_route=%2Fwp%2Fv2%2Fcomments&post=21175"}],"version-history":[{"count":0,"href":"https:\/\/agromt.news\/index.php?rest_route=\/wp\/v2\/posts\/21175\/revisions"}],"wp:featuredmedia":[{"embeddable":true,"href":"https:\/\/agromt.news\/index.php?rest_route=\/wp\/v2\/media\/3047"}],"wp:attachment":[{"href":"https:\/\/agromt.news\/index.php?rest_route=%2Fwp%2Fv2%2Fmedia&parent=21175"}],"wp:term":[{"taxonomy":"category","embeddable":true,"href":"https:\/\/agromt.news\/index.php?rest_route=%2Fwp%2Fv2%2Fcategories&post=21175"},{"taxonomy":"post_tag","embeddable":true,"href":"https:\/\/agromt.news\/index.php?rest_route=%2Fwp%2Fv2%2Ftags&post=21175"}],"curies":[{"name":"wp","href":"https:\/\/api.w.org\/{rel}","templated":true}]}}