{"id":21151,"date":"2025-09-30T13:18:33","date_gmt":"2025-09-30T17:18:33","guid":{"rendered":"https:\/\/agromt.news\/?p=21151"},"modified":"2025-09-30T13:18:33","modified_gmt":"2025-09-30T17:18:33","slug":"preco-do-frete-recua-com-o-fim-da-colheita-de-segunda-safra-do-milho-diz-conab","status":"publish","type":"post","link":"https:\/\/agromt.news\/?p=21151","title":{"rendered":"Pre\u00e7o do frete recua com o fim da colheita de segunda safra do milho, diz Conab"},"content":{"rendered":"<p> <br \/>\n<br \/><img decoding=\"async\" src=\"https:\/\/agromt.news\/wp-content\/uploads\/2025\/06\/Produtores-do-Tocantins-iniciam-colheita-do-milho-segunda-safra.jpg\" \/><\/p>\n<div>\n<p>O t\u00e9rmino da colheita das culturas de segunda <a href=\"https:\/\/www.canalrural.com.br\/agricultura\/com-recorde-na-producao-de-soja-e-milho-safra-de-graos-2024-25-atinge-345-milhoes-de-toneladas\/\">safra, em especial o milho<\/a>, refletiu nos pre\u00e7os de frete de gr\u00e3os. Mato Grosso, Goi\u00e1s, Paran\u00e1 e Mato Grosso do Sul, importantes produtores do cereal na segunda safra, registraram queda nas cota\u00e7\u00f5es em agosto para os servi\u00e7os de transporte de gr\u00e3os na maioria das rotas analisadas pela Companhia Nacional de Abastecimento (Conab), conforme mostra a edi\u00e7\u00e3o de setembro do Boletim Log\u00edstico.<\/p>\n<p>De acordo com o boletim da estatal, as cota\u00e7\u00f5es para a remo\u00e7\u00e3o de gr\u00e3os ca\u00edram no Maranh\u00e3o em agosto. O mercado, no entanto, manteve-se com movimenta\u00e7\u00e3o regular no Piau\u00ed, registrando demanda ainda em n\u00edveis satisfat\u00f3rios, mas com movimenta\u00e7\u00e3o j\u00e1 bem menos aquecida em rela\u00e7\u00e3o aos meses anteriores, reflexo de redu\u00e7\u00e3o significativa no escoamento do milho, principalmente, refletindo em estabilidade nos pre\u00e7os.<\/p>\n<p><em>Veja em primeira m\u00e3o tudo sobre agricultura, pecu\u00e1ria, economia e previs\u00e3o do tempo:<\/em><a href=\"https:\/\/news.google.com\/publications\/CAAqBwgKMPKZlQswq_mqAw?hl=pt-BR&amp;gl=BR&amp;ceid=BR%3Apt-419\" target=\"_blank\" rel=\"noreferrer noopener\"><em>\u00a0siga o Canal Rural no Google News!<\/em><\/a><\/p>\n<p>Na Bahia, o valor dos fretes registrou estabilidade a alta, variando conforme a regi\u00e3o produtora de gr\u00e3os e a rota de transporte. \u201cA eleva\u00e7\u00e3o nas cota\u00e7\u00f5es foi verificada na pra\u00e7a de Lu\u00eds Eduardo Magalh\u00e3es, por causa da alta na demanda de transporte de gr\u00e3os e fibra\u201d, comentou a Conab.<\/p>\n<p>J\u00e1 no Distrito Federal, houve aumento generalizado nos pre\u00e7os em agosto em rela\u00e7\u00e3o aos valores de julho, com destaque para as rotas com destino a Imbituba, em Santa Catarina; Uberaba e Araguari, em Minas Gerais; e Guaruj\u00e1, em S\u00e3o Paulo, apresentando varia\u00e7\u00f5es positivas na ordem 12%,11%,10% e 10%, respectivamente.<\/p>\n<p>O superintendente de Log\u00edstica Operacional da Conab, Thom\u00e9 Guth, disse na nota que \u201ca produ\u00e7\u00e3o recorde de milho na temporada 2024\/25 aumenta a necessidade de dar vaz\u00e3o c\u00e9lere ao escoamento da safra, o que refletiu nos pre\u00e7os dos fretes rodovi\u00e1rios, que apresentaram seu momento de pico em julho\u201d. <\/p>\n<p>\u201cDe modo geral, ainda que os pre\u00e7os tenham ca\u00eddo em boa parte das rotas estaduais em agosto, o patamar de pre\u00e7os de frete \u00e9 superior ao registrado no mesmo momento na safra passada, em uma conjuntura de aquecimento log\u00edstico. E a tend\u00eancia \u00e9 de persist\u00eancia de um certo suporte aos pre\u00e7os para os pr\u00f3ximos meses, como decorr\u00eancia deste cen\u00e1rio de oferta elevada e demanda din\u00e2mica e mais cadenciada ao longo dos meses, com a atua\u00e7\u00e3o de players tanto externos quanto internos, na \u00e1rea de alimenta\u00e7\u00e3o animal e bioenergia\u201d, ponderou.<\/p>\n<h2 class=\"wp-block-heading\" id=\"h-exportacoes-de-milho-e-soja\"><b>Exporta\u00e7\u00f5es de milho e soja<\/b><\/h2>\n<p>Os embarques de milho em agosto deste ano atingiram 17,9 milh\u00f5es de toneladas, em compara\u00e7\u00e3o com 15,7 milh\u00f5es em igual per\u00edodo de 2024. Os portos do Arco Norte continuam como o principal eixo de escoamento do cereal, representando 39,8% da movimenta\u00e7\u00e3o. Na sequ\u00eancia, o porto de Santos escoou 29,6% do gr\u00e3o embarcado, o porto de S\u00e3o Francisco do Sul 11,6%, enquanto pelo porto de Paranagu\u00e1 foram registrados 11,4% dos volumes embarcados e pelo porto de Rio Grande foram expedidos 5% do milho vendido ao mercado externo.<\/p>\n<p>J\u00e1 as exporta\u00e7\u00f5es de soja em gr\u00e3os atingiram 86,5 milh\u00f5es de toneladas no per\u00edodo de janeiro a agosto de 2025, em compara\u00e7\u00e3o com 83,4 milh\u00f5es de toneladas em igual per\u00edodo do ano passado. Pelos portos do Arco Norte foram expedidos 37,5% das exporta\u00e7\u00f5es nacionais, enquanto por Santos foram escoadas 34,2%. Os embarques da oleaginosa pelo porto de Paranagu\u00e1 totalizaram 12,9% do montante nacional e pelo porto de S\u00e3o Francisco do Sul foram escoadas 5,2%, ante 6,5% do ano anterior.<\/p>\n<\/p><\/div>\n<p><br \/>\n<br \/><a href=\"https:\/\/www.canalrural.com.br\/agricultura\/milho\/preco-do-frete-recua-com-termino-da-colheita-de-culturas-de-segunda-safra-diz-conab\/\">Source link <\/a><\/p>\n","protected":false},"excerpt":{"rendered":"<p>O t\u00e9rmino da colheita das culturas de segunda safra, em especial o milho, refletiu nos pre\u00e7os de frete de gr\u00e3os.<\/p>\n","protected":false},"author":1,"featured_media":15647,"comment_status":"open","ping_status":"open","sticky":false,"template":"","format":"standard","meta":{"_monsterinsights_skip_tracking":false,"_monsterinsights_sitenote_active":false,"_monsterinsights_sitenote_note":"","_monsterinsights_sitenote_category":0,"_uf_show_specific_survey":0,"_uf_disable_surveys":false,"footnotes":""},"categories":[1],"tags":[],"class_list":["post-21151","post","type-post","status-publish","format-standard","has-post-thumbnail","hentry","category-news"],"_links":{"self":[{"href":"https:\/\/agromt.news\/index.php?rest_route=\/wp\/v2\/posts\/21151"}],"collection":[{"href":"https:\/\/agromt.news\/index.php?rest_route=\/wp\/v2\/posts"}],"about":[{"href":"https:\/\/agromt.news\/index.php?rest_route=\/wp\/v2\/types\/post"}],"author":[{"embeddable":true,"href":"https:\/\/agromt.news\/index.php?rest_route=\/wp\/v2\/users\/1"}],"replies":[{"embeddable":true,"href":"https:\/\/agromt.news\/index.php?rest_route=%2Fwp%2Fv2%2Fcomments&post=21151"}],"version-history":[{"count":0,"href":"https:\/\/agromt.news\/index.php?rest_route=\/wp\/v2\/posts\/21151\/revisions"}],"wp:featuredmedia":[{"embeddable":true,"href":"https:\/\/agromt.news\/index.php?rest_route=\/wp\/v2\/media\/15647"}],"wp:attachment":[{"href":"https:\/\/agromt.news\/index.php?rest_route=%2Fwp%2Fv2%2Fmedia&parent=21151"}],"wp:term":[{"taxonomy":"category","embeddable":true,"href":"https:\/\/agromt.news\/index.php?rest_route=%2Fwp%2Fv2%2Fcategories&post=21151"},{"taxonomy":"post_tag","embeddable":true,"href":"https:\/\/agromt.news\/index.php?rest_route=%2Fwp%2Fv2%2Ftags&post=21151"}],"curies":[{"name":"wp","href":"https:\/\/api.w.org\/{rel}","templated":true}]}}