{"id":21147,"date":"2025-09-30T12:21:12","date_gmt":"2025-09-30T16:21:12","guid":{"rendered":"https:\/\/agromt.news\/?p=21147"},"modified":"2025-09-30T12:21:12","modified_gmt":"2025-09-30T16:21:12","slug":"valor-medio-do-trigo-no-parana-e-o-mais-baixo-desde-abril-de-2024","status":"publish","type":"post","link":"https:\/\/agromt.news\/?p=21147","title":{"rendered":"Valor m\u00e9dio do trigo no Paran\u00e1 \u00e9 o mais baixo desde abril de 2024"},"content":{"rendered":"<p> <br \/>\n<br \/><img decoding=\"async\" src=\"https:\/\/agromt.news\/wp-content\/uploads\/2024\/10\/Brasil-caminha-para-recorde-na-movimentacao-anual.jpg\" \/><\/p>\n<div>\n<p>Os pre\u00e7os do trigo seguem em queda no Brasil, indicam pesquisas do <a href=\"https:\/\/www.canalrural.com.br\/tag\/cepea\/\">Centro de Estudos Avan\u00e7ados em Economia Aplicada (Cepea).\u00a0<\/a><\/p>\n<p>No Paran\u00e1, especificamente, o valor m\u00e9dio do cereal em setembro \u00e9 o menor desde abril de 2024, em termos reais. No Rio Grande do Sul, os valores s\u00e3o os mais baixos desde janeiro deste ano.\u00a0<\/p>\n<p>De acordo com pesquisadores do Cepea, a press\u00e3o vem da intensifica\u00e7\u00e3o da colheita nacional, da desvaloriza\u00e7\u00e3o do d\u00f3lar frente ao Real em setembro e da queda nos pre\u00e7os externos.<\/p>\n<p>Al\u00e9m disso, a suspens\u00e3o tempor\u00e1ria das retenciones (taxas de exporta\u00e7\u00e3o) na Argentina levou compradores a reduzir ainda mais suas ofertas, for\u00e7ando vendedores a aceitar valores menores.\u00a0<\/p>\n<p>De acordo com dados do Cepea, em setembro (at\u00e9 o dia 26), a m\u00e9dia do trigo no Rio Grande do Sul est\u00e1 em R$ 1.262,67\/tonelada, baixas de 2,2% frente \u00e0 de agosto\/25 e de 9,2% sobre a de setembro\/24, em termos reais (valores deflacionados pelo IGP-DI), sendo tamb\u00e9m a menor desde janeiro\/25.\u00a0<\/p>\n<p>No Paran\u00e1, a m\u00e9dia est\u00e1 em R$ 1.354,35\/t, recuo mensal de 5,5% e queda anual 10,3%, e registrando o patamar mais baixo, em termos reais, desde abril\/24.<\/p>\n<p><em>*Sob supervis\u00e3o de Luis Roberto Toledo<\/em><\/p>\n<\/p><\/div>\n<p><br \/>\n<br \/><a href=\"https:\/\/www.canalrural.com.br\/agricultura\/valor-medio-do-trigo-no-parana-e-o-mais-baixo-desde-abril-de-2024\/\">Source link <\/a><\/p>\n","protected":false},"excerpt":{"rendered":"<p>Os pre\u00e7os do trigo seguem em queda no Brasil, indicam pesquisas do Centro de Estudos Avan\u00e7ados em Economia Aplicada (Cepea).\u00a0<\/p>\n","protected":false},"author":1,"featured_media":2609,"comment_status":"open","ping_status":"open","sticky":false,"template":"","format":"standard","meta":{"_monsterinsights_skip_tracking":false,"_monsterinsights_sitenote_active":false,"_monsterinsights_sitenote_note":"","_monsterinsights_sitenote_category":0,"_uf_show_specific_survey":0,"_uf_disable_surveys":false,"footnotes":""},"categories":[1],"tags":[],"class_list":["post-21147","post","type-post","status-publish","format-standard","has-post-thumbnail","hentry","category-news"],"_links":{"self":[{"href":"https:\/\/agromt.news\/index.php?rest_route=\/wp\/v2\/posts\/21147"}],"collection":[{"href":"https:\/\/agromt.news\/index.php?rest_route=\/wp\/v2\/posts"}],"about":[{"href":"https:\/\/agromt.news\/index.php?rest_route=\/wp\/v2\/types\/post"}],"author":[{"embeddable":true,"href":"https:\/\/agromt.news\/index.php?rest_route=\/wp\/v2\/users\/1"}],"replies":[{"embeddable":true,"href":"https:\/\/agromt.news\/index.php?rest_route=%2Fwp%2Fv2%2Fcomments&post=21147"}],"version-history":[{"count":0,"href":"https:\/\/agromt.news\/index.php?rest_route=\/wp\/v2\/posts\/21147\/revisions"}],"wp:featuredmedia":[{"embeddable":true,"href":"https:\/\/agromt.news\/index.php?rest_route=\/wp\/v2\/media\/2609"}],"wp:attachment":[{"href":"https:\/\/agromt.news\/index.php?rest_route=%2Fwp%2Fv2%2Fmedia&parent=21147"}],"wp:term":[{"taxonomy":"category","embeddable":true,"href":"https:\/\/agromt.news\/index.php?rest_route=%2Fwp%2Fv2%2Fcategories&post=21147"},{"taxonomy":"post_tag","embeddable":true,"href":"https:\/\/agromt.news\/index.php?rest_route=%2Fwp%2Fv2%2Ftags&post=21147"}],"curies":[{"name":"wp","href":"https:\/\/api.w.org\/{rel}","templated":true}]}}