{"id":21137,"date":"2025-09-30T10:56:21","date_gmt":"2025-09-30T14:56:21","guid":{"rendered":"https:\/\/agromt.news\/?p=21137"},"modified":"2025-09-30T10:56:21","modified_gmt":"2025-09-30T14:56:21","slug":"desemprego-fica-em-56-no-trimestre-ate-agosto-aponta-ibge","status":"publish","type":"post","link":"https:\/\/agromt.news\/?p=21137","title":{"rendered":"Desemprego fica em 5,6% no trimestre at\u00e9 agosto, aponta IBGE"},"content":{"rendered":"<p> <br \/>\n<br \/><img decoding=\"async\" src=\"https:\/\/agromt.news\/wp-content\/uploads\/2025\/09\/Desemprego-fica-em-56-no-trimestre-ate-agosto-aponta-IBGE.jpg\" \/><\/p>\n<div>\n<p>A taxa de desemprego no Brasil ficou em 5,6% no trimestre encerrado em agosto, segundo a Pesquisa Nacional por Amostra de Domic\u00edlios Cont\u00ednua (<a href=\"https:\/\/www.canalrural.com.br\/tag\/pnad-continua-2\/\">Pnad Cont\u00ednua<\/a>). Os dados foram divulgados nesta ter\u00e7a-feira (30) pelo Instituto Brasileiro de Geografia e Estat\u00edstica (<a href=\"https:\/\/www.canalrural.com.br\/tag\/ibge\/\">IBGE<\/a>).<\/p>\n<p>O \u00edndice repetiu o resultado do trimestre anterior e segue no menor n\u00edvel desde o in\u00edcio da s\u00e9rie hist\u00f3rica, em 2012.<\/p>\n<h3 class=\"wp-block-heading\" id=\"h-estabilidade-do-mercado-de-trabalho\">Estabilidade do mercado de trabalho<\/h3>\n<p>Na compara\u00e7\u00e3o com o mesmo per\u00edodo de 2024, quando a taxa estava em 6,6%, houve queda de um ponto percentual. Analistas j\u00e1 projetavam esse patamar, com expectativa entre 5,4% e 6%. Para especialistas, a manuten\u00e7\u00e3o do \u00edndice reflete a estabilidade do mercado de trabalho formal e informal.<\/p>\n<p>De acordo com o IBGE, o contingente de ocupados no pa\u00eds permanece elevado, sustentando a taxa em patamar historicamente baixo. \u201cO mercado tem mostrado resili\u00eancia, mesmo diante de um cen\u00e1rio econ\u00f4mico de incertezas\u201d, destacou em nota o instituto.<\/p>\n<h3 class=\"wp-block-heading\" id=\"h-rendimento-e-massa-salarial\">Rendimento e massa salarial<\/h3>\n<p>O rendimento m\u00e9dio real da popula\u00e7\u00e3o ocupada foi estimado em R$ 3.488 no trimestre at\u00e9 agosto. O valor ficou est\u00e1vel em rela\u00e7\u00e3o aos tr\u00eas meses anteriores, mas registrou aumento de 3,3% na compara\u00e7\u00e3o anual.<\/p>\n<p>J\u00e1 a massa de rendimento real habitual, que considera o total recebido pelos trabalhadores, somou R$ 352,6 bilh\u00f5es. O resultado representa alta de 1,4% frente ao trimestre anterior e de 5,4% em rela\u00e7\u00e3o ao mesmo per\u00edodo do ano passado.<\/p>\n<h3 class=\"wp-block-heading\" id=\"h-perspectivas\">Perspectivas<\/h3>\n<p>Economistas avaliam que o desempenho do mercado de trabalho deve continuar acompanhando o ritmo da economia brasileira. A taxa de desemprego tende a permanecer em n\u00edveis baixos, mas ainda depende de fatores como crescimento do PIB, custo do cr\u00e9dito e cen\u00e1rio internacional.<\/p>\n<\/p><\/div>\n<p><br \/>\n<br \/><a href=\"https:\/\/www.canalrural.com.br\/economia\/desemprego-fica-em-56-no-trimestre-ate-agosto-aponta-ibge\/\">Source link <\/a><\/p>\n","protected":false},"excerpt":{"rendered":"<p>A taxa de desemprego no Brasil ficou em 5,6% no trimestre encerrado em agosto, segundo a Pesquisa Nacional por Amostra<\/p>\n","protected":false},"author":1,"featured_media":21138,"comment_status":"open","ping_status":"open","sticky":false,"template":"","format":"standard","meta":{"_monsterinsights_skip_tracking":false,"_monsterinsights_sitenote_active":false,"_monsterinsights_sitenote_note":"","_monsterinsights_sitenote_category":0,"_uf_show_specific_survey":0,"_uf_disable_surveys":false,"footnotes":""},"categories":[1],"tags":[],"class_list":["post-21137","post","type-post","status-publish","format-standard","has-post-thumbnail","hentry","category-news"],"_links":{"self":[{"href":"https:\/\/agromt.news\/index.php?rest_route=\/wp\/v2\/posts\/21137"}],"collection":[{"href":"https:\/\/agromt.news\/index.php?rest_route=\/wp\/v2\/posts"}],"about":[{"href":"https:\/\/agromt.news\/index.php?rest_route=\/wp\/v2\/types\/post"}],"author":[{"embeddable":true,"href":"https:\/\/agromt.news\/index.php?rest_route=\/wp\/v2\/users\/1"}],"replies":[{"embeddable":true,"href":"https:\/\/agromt.news\/index.php?rest_route=%2Fwp%2Fv2%2Fcomments&post=21137"}],"version-history":[{"count":0,"href":"https:\/\/agromt.news\/index.php?rest_route=\/wp\/v2\/posts\/21137\/revisions"}],"wp:featuredmedia":[{"embeddable":true,"href":"https:\/\/agromt.news\/index.php?rest_route=\/wp\/v2\/media\/21138"}],"wp:attachment":[{"href":"https:\/\/agromt.news\/index.php?rest_route=%2Fwp%2Fv2%2Fmedia&parent=21137"}],"wp:term":[{"taxonomy":"category","embeddable":true,"href":"https:\/\/agromt.news\/index.php?rest_route=%2Fwp%2Fv2%2Fcategories&post=21137"},{"taxonomy":"post_tag","embeddable":true,"href":"https:\/\/agromt.news\/index.php?rest_route=%2Fwp%2Fv2%2Ftags&post=21137"}],"curies":[{"name":"wp","href":"https:\/\/api.w.org\/{rel}","templated":true}]}}