{"id":21134,"date":"2025-09-30T10:14:04","date_gmt":"2025-09-30T14:14:04","guid":{"rendered":"https:\/\/agromt.news\/?p=21134"},"modified":"2025-09-30T10:14:04","modified_gmt":"2025-09-30T14:14:04","slug":"juros-altos-e-endividamento-travam-contratacao-de-credito-rural","status":"publish","type":"post","link":"https:\/\/agromt.news\/?p=21134","title":{"rendered":"Juros altos e endividamento travam contrata\u00e7\u00e3o de cr\u00e9dito rural"},"content":{"rendered":"<p> <br \/>\n<br \/><img decoding=\"async\" src=\"https:\/\/agromt.news\/wp-content\/uploads\/2024\/10\/Intencao-de-consumo-das-familias-tem-quarta-queda-consecutiva.jpg\" \/><\/p>\n<div>\n<p>Embora o Plano Safra ofere\u00e7a cr\u00e9dito rural com taxas mais baixas, os produtores acompanham com aten\u00e7\u00e3o os rumos da economia. A Selic, atualmente em 15% ao ano, deve permanecer nesse n\u00edvel por um per\u00edodo mais prolongado, segundo proje\u00e7\u00e3o do Comit\u00ea de Pol\u00edtica Monet\u00e1ria (Copom) do Banco Central.\u00a0<\/p>\n<p>Na avalia\u00e7\u00e3o de Pedro Estev\u00e3o, presidente da C\u00e2mara Setorial de M\u00e1quinas e Implementos Agr\u00edcolas da <a href=\"https:\/\/www.canalrural.com.br\/tag\/abimaq\/\">Abimaq<\/a>, a contrata\u00e7\u00e3o de cr\u00e9dito est\u00e1 menor que no ano passado, apesar de n\u00e3o depender diretamente da varia\u00e7\u00e3o da Selic. Segundo Estev\u00e3o, por\u00e9m, a queda ocorre justamente em fun\u00e7\u00e3o dos juros elevados.<\/p>\n<p>\u201c<em>O<\/em> Moderfrota, a 13,5% ao ano, tem registrado menor procura devido ao custo considerado alto pelos agricultores. No Pronamp, com juros de 12,5%, a demanda \u00e9 maior, e no Pronaf, a 5,5%, a sa\u00edda continua expressiva por ser a op\u00e7\u00e3o mais barata\u201d, explica.<\/p>\n<p>N\u00fameros da Confedera\u00e7\u00e3o da Agricultura e Pecu\u00e1ria do Brasil (<a href=\"https:\/\/www.canalrural.com.br\/tag\/cna\/\">CNA<\/a>) comprovam esse cen\u00e1rio de queda no Plano Safra 2025\/26. Entre julho e agosto de 2025, as opera\u00e7\u00f5es de custeio e investimento somaram R$ 86,4 bilh\u00f5es, recuo de 31% na compara\u00e7\u00e3o com o mesmo per\u00edodo de 2024, quando R$ 124,7 bilh\u00f5es foram desembolsados.<\/p>\n<h3 class=\"wp-block-heading\" id=\"h-burocracias-e-ajuda-federal-ineficiente\"><strong>Burocracias e ajuda federal ineficiente<\/strong><\/h3>\n<p>Al\u00e9m disso, a aquisi\u00e7\u00e3o de cr\u00e9dito pelo setor agropecu\u00e1rio tamb\u00e9m resvala na burocracia. Para Fabr\u00edcio Rosa, diretor-executivo da <a href=\"https:\/\/www.canalrural.com.br\/tag\/aprosoja-brasil\/\">Aprosoja Brasil<\/a>, a dificuldade se traduz em cobran\u00e7as feitas por institui\u00e7\u00f5es financeiras, encarecendo o custo final. Seguro de vida, da fam\u00edlia ou dos bens s\u00e3o algumas delas.\u00a0<\/p>\n<p>\u201cEsse custo de capta\u00e7\u00e3o, mesmo com banco p\u00fablico e recursos do Plano Safra, est\u00e1 extremamente alto nesta safra. Esse talvez seja o pior problema hoje na agricultura brasileira\u201d, diz. Rosa tamb\u00e9m faz um alerta sobre o cen\u00e1rio fiscal do Brasil. Segundo ele, enquanto n\u00e3o houver reequil\u00edbrio das contas p\u00fablicas, dificilmente haver\u00e1 uma solu\u00e7\u00e3o consistente.<\/p>\n<p>Algumas a\u00e7\u00f5es anunciadas pelo governo federal tamb\u00e9m n\u00e3o se mostraram eficientes. \u00c9 o caso da <a href=\"https:\/\/www.congressonacional.leg.br\/materias\/medidas-provisorias\/-\/mpv\/170500\">medida provis\u00f3ria 1316\/25<\/a>, que abre cr\u00e9dito extraordin\u00e1rio de R$ 12 bilh\u00f5es no Or\u00e7amento de 2025 para atender produtores rurais afetados pelo clima adverso. \u201cA MP trouxe algum al\u00edvio, mas ainda \u00e9 pouco. Falta suporte maior\u201d, afirma.<\/p>\n<h3 class=\"wp-block-heading\" id=\"h-juros-altos-x-credito-rural-qual-a-solucao\">Juros altos X cr\u00e9dito rural: qual a solu\u00e7\u00e3o?<\/h3>\n<p>Diante das dificuldades, entidades do setor t\u00eam defendido ajustes para garantir maior acesso ao cr\u00e9dito. Entre as propostas est\u00e1 a utiliza\u00e7\u00e3o de parte dos recursos do Fundo Social do pr\u00e9-sal, estimada em R$ 10 bilh\u00f5es, para refor\u00e7ar o financiamento agr\u00edcola.<\/p>\n<p>A medida, segundo Rosa, permitiria ampliar o alcance da renegocia\u00e7\u00e3o de d\u00edvidas para produtores que hoje n\u00e3o est\u00e3o contemplados pela MP. \u201cO governo aposta em linhas a juros livres, mas isso \u00e9 invi\u00e1vel. Produtor n\u00e3o vai conseguir renegociar d\u00edvida a 18% ou 20% ao ano\u201d, ressalta.<\/p>\n<p>Para Estev\u00e3o, a manuten\u00e7\u00e3o de linhas do Plano Safra at\u00e9 junho de 2026 garante alguma previsibilidade. No entanto, ele reconhece que o ritmo das contrata\u00e7\u00f5es tende a continuar desaquecido. \u201cCom o juro elevado e o impacto do tarifa\u00e7o dos Estados Unidos, devemos fechar 2025 com crescimento menor do que o projetado no in\u00edcio do ano\u201d, avalia.<\/p>\n<\/p><\/div>\n<p><br \/>\n<br \/><a href=\"https:\/\/www.canalrural.com.br\/agricultura\/agronegocio\/juros-altos-e-endividamento-travam-contratacao-de-credito-rural\/\">Source link <\/a><\/p>\n","protected":false},"excerpt":{"rendered":"<p>Embora o Plano Safra ofere\u00e7a cr\u00e9dito rural com taxas mais baixas, os produtores acompanham com aten\u00e7\u00e3o os rumos da economia.<\/p>\n","protected":false},"author":1,"featured_media":10513,"comment_status":"open","ping_status":"open","sticky":false,"template":"","format":"standard","meta":{"_monsterinsights_skip_tracking":false,"_monsterinsights_sitenote_active":false,"_monsterinsights_sitenote_note":"","_monsterinsights_sitenote_category":0,"_uf_show_specific_survey":0,"_uf_disable_surveys":false,"footnotes":""},"categories":[1],"tags":[],"class_list":["post-21134","post","type-post","status-publish","format-standard","has-post-thumbnail","hentry","category-news"],"_links":{"self":[{"href":"https:\/\/agromt.news\/index.php?rest_route=\/wp\/v2\/posts\/21134"}],"collection":[{"href":"https:\/\/agromt.news\/index.php?rest_route=\/wp\/v2\/posts"}],"about":[{"href":"https:\/\/agromt.news\/index.php?rest_route=\/wp\/v2\/types\/post"}],"author":[{"embeddable":true,"href":"https:\/\/agromt.news\/index.php?rest_route=\/wp\/v2\/users\/1"}],"replies":[{"embeddable":true,"href":"https:\/\/agromt.news\/index.php?rest_route=%2Fwp%2Fv2%2Fcomments&post=21134"}],"version-history":[{"count":0,"href":"https:\/\/agromt.news\/index.php?rest_route=\/wp\/v2\/posts\/21134\/revisions"}],"wp:featuredmedia":[{"embeddable":true,"href":"https:\/\/agromt.news\/index.php?rest_route=\/wp\/v2\/media\/10513"}],"wp:attachment":[{"href":"https:\/\/agromt.news\/index.php?rest_route=%2Fwp%2Fv2%2Fmedia&parent=21134"}],"wp:term":[{"taxonomy":"category","embeddable":true,"href":"https:\/\/agromt.news\/index.php?rest_route=%2Fwp%2Fv2%2Fcategories&post=21134"},{"taxonomy":"post_tag","embeddable":true,"href":"https:\/\/agromt.news\/index.php?rest_route=%2Fwp%2Fv2%2Ftags&post=21134"}],"curies":[{"name":"wp","href":"https:\/\/api.w.org\/{rel}","templated":true}]}}