{"id":21133,"date":"2025-09-30T10:00:09","date_gmt":"2025-09-30T14:00:09","guid":{"rendered":"https:\/\/agromt.news\/?p=21133"},"modified":"2025-09-30T10:00:09","modified_gmt":"2025-09-30T14:00:09","slug":"trump-anuncia-novas-tarifas-sobre-madeira-e-moveis-importados","status":"publish","type":"post","link":"https:\/\/agromt.news\/?p=21133","title":{"rendered":"Trump anuncia novas tarifas sobre madeira e m\u00f3veis importados"},"content":{"rendered":"<p> <br \/>\n<br \/><img decoding=\"async\" src=\"https:\/\/agromt.news\/wp-content\/uploads\/2025\/07\/Sem-citar-Brasil-EUA-estuda-nao-aplicar-tarifas-para-cafe.jpeg\" \/><\/p>\n<div>\n<p>O presidente dos Estados Unidos, Donald Trump, anunciou nesta ter\u00e7a-feira (30) a aplica\u00e7\u00e3o de novas tarifas sobre produtos de madeira e mobili\u00e1rio importados.<\/p>\n<p>A medida prev\u00ea taxa de 10% para madeira e toras, al\u00e9m de 25% para arm\u00e1rios de cozinha, pias de banheiro e m\u00f3veis estofados. As tarifas entram em vigor em 14 de outubro. A partir de 1\u00ba de janeiro de 2026, os percentuais subir\u00e3o para 30% no caso de m\u00f3veis estofados e para 50% no caso de arm\u00e1rios e gabinetes, em pa\u00edses que n\u00e3o firmarem acordo comercial com Washington.<\/p>\n<h2 class=\"wp-block-heading\" id=\"h-justificativa-de-seguranca-nacional\">Justificativa de seguran\u00e7a nacional<\/h2>\n<p>Trump baseou a decis\u00e3o na Se\u00e7\u00e3o 232 da Lei de Com\u00e9rcio de 1974, que permite impor tarifas por raz\u00f5es de seguran\u00e7a nacional. Segundo a proclama\u00e7\u00e3o presidencial, as importa\u00e7\u00f5es estariam enfraquecendo a ind\u00fastria norte-americana de madeira e mobili\u00e1rio, considerada estrat\u00e9gica para o setor de defesa e infraestrutura cr\u00edtica.<\/p>\n<p>O documento cita o uso da madeira em constru\u00e7\u00f5es militares, transporte de muni\u00e7\u00f5es, armazenamento de equipamentos e at\u00e9 em sistemas de defesa antim\u00edsseis.<\/p>\n<h2 class=\"wp-block-heading\" id=\"h-impacto-nos-parceiros-comerciais\">Impacto nos parceiros comerciais<\/h2>\n<p>O <a href=\"https:\/\/www.canalrural.com.br\/economia\/trump-anuncia-taxas-de-35-para-canada-e-de-39-para-suica\/\">Canad\u00e1<\/a>, maior exportador de madeira serrada para os EUA, \u00e9 o pa\u00eds mais afetado. O setor j\u00e1 enfrenta tarifas antidumping e antisubs\u00eddio que chegam a 35%. Diante das novas medidas, o governo canadense anunciou apoio de at\u00e9 1,2 bilh\u00e3o de d\u00f3lares canadenses (cerca de US$ 870 milh\u00f5es) \u00e0 ind\u00fastria local.<\/p>\n<p>M\u00e9xico e Vietn\u00e3, que ganharam espa\u00e7o no mercado ap\u00f3s as tarifas impostas contra a China em 2018, tamb\u00e9m est\u00e3o na mira. O Vietn\u00e3 havia anunciado em julho um acordo preliminar para estabelecer tarifa de 20%, mas o pacto ainda n\u00e3o foi formalizado, o que gera incerteza.<\/p>\n<p>Alguns pa\u00edses conseguiram exce\u00e7\u00f5es parciais. O Reino Unido ter\u00e1 tarifa limitada a 10%, enquanto Uni\u00e3o Europeia e Jap\u00e3o enfrentar\u00e3o 15%, de acordo com acordos bilaterais.<\/p>\n<h2 class=\"wp-block-heading\" id=\"h-criticas-internas\">Cr\u00edticas internas<\/h2>\n<p>A C\u00e2mara de Com\u00e9rcio dos EUA criticou as novas restri\u00e7\u00f5es. Para a entidade, as tarifas devem elevar custos para empresas e para o setor de constru\u00e7\u00e3o civil, al\u00e9m de reduzir a competitividade em ind\u00fastrias como papel e celulose.<\/p>\n<p>A organiza\u00e7\u00e3o tamb\u00e9m questionou a justificativa de seguran\u00e7a nacional, afirmando que as importa\u00e7\u00f5es de madeira n\u00e3o representam risco ao pa\u00eds. O \u00f3rg\u00e3o alertou ainda que comunidades americanas dependentes da ind\u00fastria florestal podem ser diretamente prejudicadas.<\/p>\n<\/p><\/div>\n<p><br \/>\n<br \/><a href=\"https:\/\/www.canalrural.com.br\/internacional\/trump-anuncia-novas-tarifas-sobre-madeira-e-moveis-importados\/\">Source link <\/a><\/p>\n","protected":false},"excerpt":{"rendered":"<p>O presidente dos Estados Unidos, Donald Trump, anunciou nesta ter\u00e7a-feira (30) a aplica\u00e7\u00e3o de novas tarifas sobre produtos de madeira<\/p>\n","protected":false},"author":1,"featured_media":17640,"comment_status":"open","ping_status":"open","sticky":false,"template":"","format":"standard","meta":{"_monsterinsights_skip_tracking":false,"_monsterinsights_sitenote_active":false,"_monsterinsights_sitenote_note":"","_monsterinsights_sitenote_category":0,"_uf_show_specific_survey":0,"_uf_disable_surveys":false,"footnotes":""},"categories":[1],"tags":[],"class_list":["post-21133","post","type-post","status-publish","format-standard","has-post-thumbnail","hentry","category-news"],"_links":{"self":[{"href":"https:\/\/agromt.news\/index.php?rest_route=\/wp\/v2\/posts\/21133"}],"collection":[{"href":"https:\/\/agromt.news\/index.php?rest_route=\/wp\/v2\/posts"}],"about":[{"href":"https:\/\/agromt.news\/index.php?rest_route=\/wp\/v2\/types\/post"}],"author":[{"embeddable":true,"href":"https:\/\/agromt.news\/index.php?rest_route=\/wp\/v2\/users\/1"}],"replies":[{"embeddable":true,"href":"https:\/\/agromt.news\/index.php?rest_route=%2Fwp%2Fv2%2Fcomments&post=21133"}],"version-history":[{"count":0,"href":"https:\/\/agromt.news\/index.php?rest_route=\/wp\/v2\/posts\/21133\/revisions"}],"wp:featuredmedia":[{"embeddable":true,"href":"https:\/\/agromt.news\/index.php?rest_route=\/wp\/v2\/media\/17640"}],"wp:attachment":[{"href":"https:\/\/agromt.news\/index.php?rest_route=%2Fwp%2Fv2%2Fmedia&parent=21133"}],"wp:term":[{"taxonomy":"category","embeddable":true,"href":"https:\/\/agromt.news\/index.php?rest_route=%2Fwp%2Fv2%2Fcategories&post=21133"},{"taxonomy":"post_tag","embeddable":true,"href":"https:\/\/agromt.news\/index.php?rest_route=%2Fwp%2Fv2%2Ftags&post=21133"}],"curies":[{"name":"wp","href":"https:\/\/api.w.org\/{rel}","templated":true}]}}