{"id":21131,"date":"2025-09-30T09:50:23","date_gmt":"2025-09-30T13:50:23","guid":{"rendered":"https:\/\/agromt.news\/?p=21131"},"modified":"2025-09-30T09:50:23","modified_gmt":"2025-09-30T13:50:23","slug":"fundecitrus-integrara-consorcio-internacional-para-combater-o-greening-com-ia","status":"publish","type":"post","link":"https:\/\/agromt.news\/?p=21131","title":{"rendered":"Fundecitrus integrar\u00e1 cons\u00f3rcio internacional para combater o greening com IA"},"content":{"rendered":"<p> <br \/>\n<\/p>\n<div>\n<p style=\"text-align:justify\">O Fundecitrus passar\u00e1 a integrar o cons\u00f3rcio internacional \u201cSave the Orange\u201d, lan\u00e7ado na \u00faltima semana em Boston (EUA). A iniciativa \u00e9 coordenada pela Coca-Cola Company, com apoio do MIT Generative AI Impact Consortium \u2014 vinculado ao Massachusetts Institute of Technology (MIT), uma das mais renomadas institui\u00e7\u00f5es de pesquisa e educa\u00e7\u00e3o em tecnologia do mundo. O grupo tamb\u00e9m conta com a participa\u00e7\u00e3o da Invaio Sciences, Microsoft, e outras institui\u00e7\u00f5es de refer\u00eancia em tecnologia, ci\u00eancia de dados e biotecnologia. O objetivo \u00e9 unir esfor\u00e7os no combate ao greening, considerada a doen\u00e7a mais grave que amea\u00e7a a produ\u00e7\u00e3o mundial de laranjas, conectando pesquisas avan\u00e7adas em intelig\u00eancia artificial (IA) a aplica\u00e7\u00f5es pr\u00e1ticas em diferentes setores.&#13;\n<\/p>\n<p style=\"text-align:justify\">No \u201cSave the Orange\u201d, a IA generativa ser\u00e1 aplicada para acelerar pesquisas e simula\u00e7\u00f5es que possam reduzir o tempo de desenvolvimento de solu\u00e7\u00f5es contra a doen\u00e7a, que j\u00e1 devastou pomares nos Estados Unidos e amea\u00e7a o fornecimento global de citros. O Fundecitrus, reconhecido mundialmente por sua expertise em pesquisa e manejo da doen\u00e7a, ter\u00e1 papel de orienta\u00e7\u00e3o e direcionamento do trabalho, usando os mais de 20 anos de experi\u00eancia com pesquisas e manejo do greening.<\/p>\n<p style=\"text-align:justify\">Segundo o diretor executivo do Fundecitrus, Juliano Ayres, a participa\u00e7\u00e3o da entidade refor\u00e7a seu protagonismo na pesquisa e no combate \u00e0s pragas c\u00edtricas. \u201cO Fundecitrus \u00e9 refer\u00eancia no mundo no desenvolvimento de estrat\u00e9gias de manejo para uma doen\u00e7a que n\u00e3o tem cura. Ao integrar esse cons\u00f3rcio, reafirmamos nosso compromisso hist\u00f3rico com solu\u00e7\u00f5es baseadas em ci\u00eancia, transpar\u00eancia e inova\u00e7\u00e3o, em uma ampla rede colaborativa. Esse cons\u00f3rcio trar\u00e1 os principais cientistas dos EUA em IA e ir\u00e1 explorar uma nova \u00e1rea de forma integrada para acelerar as pesquisas e, assim, ganharmos tempo. O momento exige uni\u00e3o e um esfor\u00e7o mundial para quebrarmos paradigmas e vencermos o greening\u201d, destaca.&#13;\n<\/p>\n<p style=\"text-align:justify\"><strong>Nova frente de atua\u00e7\u00e3o<\/strong><\/p>\n<p style=\"text-align:justify\">O projeto re\u00fane especialistas de diversas \u00e1reas em busca de alternativas vi\u00e1veis para conter o avan\u00e7o do greening. Para o Fundecitrus, a colabora\u00e7\u00e3o internacional amplia as chances de desenvolver ferramentas pr\u00e1ticas que cheguem ao campo e apoiem diretamente os produtores. \u201cA uni\u00e3o entre academia, ind\u00fastria e centros de pesquisa \u00e9 fundamental para acelerar descobertas e consolidar o enfrentamento ao greening como um esfor\u00e7o global, no qual o Fundecitrus assume protagonismo representando a citricultura brasileira\u201d, afirma o pesquisador Franklin Behlau.<\/p>\n<p style=\"text-align:justify\">Nos pr\u00f3ximos meses, pesquisadores do cons\u00f3rcio devem visitar pomares brasileiros para conhecer de perto a citricultura do pa\u00eds, bem como os estudos conduzidos pelo Fundecitrus sobre o manejo do greening e o controle do psil\u00eddeo transmissor da doen\u00e7a.&#13;\n<\/p>\n<\/p><\/div>\n<p><script data-cfasync=\"false\">\n    !function (f, b, e, v, n, t, s) {\n        if (f.fbq) return; n = f.fbq = function () {\n            n.callMethod ?\n                n.callMethod.apply(n, arguments) : n.queue.push(arguments)\n        };\n        if (!f._fbq) f._fbq = n; n.push = n; n.loaded = !0; n.version = '2.0';\n        n.queue = []; t = b.createElement(e); t.async = !0;\n        t.src = v; s = b.getElementsByTagName(e)[0];\n        s.parentNode.insertBefore(t, s)\n    }(window, document, 'script',\n        'https:\/\/connect.facebook.net\/en_US\/fbevents.js');\n    fbq('init', '522546078623747');\n    fbq('track', 'PageView');\n<\/script><br \/>\n<br \/><br \/>\n<br \/><a href=\"https:\/\/www.agrolink.com.br\/noticias\/-save-the-orange---fundecitrus-integrara-consorcio-internacional-para-combater-o-greening-com-ia_506436.html\">Source link <\/a><\/p>\n","protected":false},"excerpt":{"rendered":"<p>O Fundecitrus passar\u00e1 a integrar o cons\u00f3rcio internacional \u201cSave the Orange\u201d, lan\u00e7ado na \u00faltima semana em Boston (EUA). A iniciativa<\/p>\n","protected":false},"author":1,"featured_media":21132,"comment_status":"open","ping_status":"open","sticky":false,"template":"","format":"standard","meta":{"_monsterinsights_skip_tracking":false,"_monsterinsights_sitenote_active":false,"_monsterinsights_sitenote_note":"","_monsterinsights_sitenote_category":0,"_uf_show_specific_survey":0,"_uf_disable_surveys":false,"footnotes":""},"categories":[8,1,14],"tags":[],"class_list":["post-21131","post","type-post","status-publish","format-standard","has-post-thumbnail","hentry","category-agro","category-news","category-politica-agro"],"_links":{"self":[{"href":"https:\/\/agromt.news\/index.php?rest_route=\/wp\/v2\/posts\/21131"}],"collection":[{"href":"https:\/\/agromt.news\/index.php?rest_route=\/wp\/v2\/posts"}],"about":[{"href":"https:\/\/agromt.news\/index.php?rest_route=\/wp\/v2\/types\/post"}],"author":[{"embeddable":true,"href":"https:\/\/agromt.news\/index.php?rest_route=\/wp\/v2\/users\/1"}],"replies":[{"embeddable":true,"href":"https:\/\/agromt.news\/index.php?rest_route=%2Fwp%2Fv2%2Fcomments&post=21131"}],"version-history":[{"count":0,"href":"https:\/\/agromt.news\/index.php?rest_route=\/wp\/v2\/posts\/21131\/revisions"}],"wp:featuredmedia":[{"embeddable":true,"href":"https:\/\/agromt.news\/index.php?rest_route=\/wp\/v2\/media\/21132"}],"wp:attachment":[{"href":"https:\/\/agromt.news\/index.php?rest_route=%2Fwp%2Fv2%2Fmedia&parent=21131"}],"wp:term":[{"taxonomy":"category","embeddable":true,"href":"https:\/\/agromt.news\/index.php?rest_route=%2Fwp%2Fv2%2Fcategories&post=21131"},{"taxonomy":"post_tag","embeddable":true,"href":"https:\/\/agromt.news\/index.php?rest_route=%2Fwp%2Fv2%2Ftags&post=21131"}],"curies":[{"name":"wp","href":"https:\/\/api.w.org\/{rel}","templated":true}]}}