{"id":21128,"date":"2025-09-30T09:03:11","date_gmt":"2025-09-30T13:03:11","guid":{"rendered":"https:\/\/agromt.news\/?p=21128"},"modified":"2025-09-30T09:03:11","modified_gmt":"2025-09-30T13:03:11","slug":"produtor-paraibano-conquista-certificacao-e-abre-novos-mercados-para-o-mel","status":"publish","type":"post","link":"https:\/\/agromt.news\/?p=21128","title":{"rendered":"Produtor paraibano conquista certifica\u00e7\u00e3o e abre novos mercados para o mel"},"content":{"rendered":"<p> <br \/>\n<\/p>\n<div>\n<p>Samuel dos Santos Bezerra, apicultor e s\u00f3cio-presidente da Associa\u00e7\u00e3o dos Apicultores e Meliponicultores de S\u00e3o Jos\u00e9 dos Cordeiros, na Para\u00edba (PB), comemora um marco importante para a atividade: o <a href=\"https:\/\/www.canalrural.com.br\/diversos\/goiaba-de-carlopolis-busca-espaco-no-mercado-europeu-em-madrid\/\">certificado<\/a> do Sistema Brasileiro de Inspe\u00e7\u00e3o de Produtos de Origem Animal (Sisb-Poa), que garante a venda dos produtos em todo o pa\u00eds.<\/p>\n<p>\u201cA gente n\u00e3o consegue nem descrever a import\u00e2ncia de uma conquista desse tamanho, porque, agora, vamos conseguir levar o nosso produto al\u00e9m das fronteiras do estado\u201d, diz Bezerra.<\/p>\n<p>Segundo o apicultor, a certifica\u00e7\u00e3o amplia a visibilidade e d\u00e1 \u00e2nimo aos produtores. \u201cAgora, literalmente o Brasil \u00e9 o limite. Com isso, os produtores v\u00e3o se sentir mais motivados a aumentar a produ\u00e7\u00e3o e a regi\u00e3o passa a ter uma perspectiva diferente\u201d, afirma o apicultor.<\/p>\n<p>Com certifica\u00e7\u00e3o, uni\u00e3o e apoio, os apicultores de S\u00e3o Jos\u00e9 dos Cordeiros, na Para\u00edba agora enxergam novos horizontes para o mel local.<\/p>\n<ul class=\"wp-block-list\">\n<li>Participe do Porteira Aberta Empreender: envie perguntas, sugest\u00f5es e conte a sua hist\u00f3ria de empreendedorismo pelo nosso<a href=\"https:\/\/api.whatsapp.com\/send?phone=5511932796720&amp;PorteiraAbertaEmpreender=SuaMensagem\"> WhatsApp<\/a><\/li>\n<\/ul>\n<p>Desde pequeno Bezerra explora o universo da apicultura, acompanhando o pai na atividade. Por tanto, essa viv\u00eancia lhe deu profundo conhecimento sobre a realidade, principalmente da cidade. <\/p>\n<p>\u201cA gente sofre muito com as intemp\u00e9ries do tempo, \u00e0s vezes chove muito, e \u00e0s vezes n\u00e3o chove de jeito nenhum, e a apicultura \u00e9 uma possibilidade de [empreender] e ter uma vida melhor.\u201d<\/p>\n<p>Al\u00e9m disso, a trajet\u00f3ria da associa\u00e7\u00e3o at\u00e9 a conquista do selo Sisb-Poa contou com um incentivo decisivo. <\/p>\n<p>\u201cO Sebrae ajudou desde a implanta\u00e7\u00e3o da atividade ap\u00edcola no munic\u00edpio at\u00e9 a chance de eu estar aqui representando a associa\u00e7\u00e3o no evento. O <strong><a href=\"https:\/\/sebrae.com.br\/sites\/PortalSebrae\/ufs\/pb?codUf=16\">Sebrae\/PB <\/a><\/strong>\u00e9 um pai, uma m\u00e3e, \u00e9 um parceiro grande da gente\u201d, destaca o apicultor feliz pela conquista.<\/p>\n<p>Para os pequenos produtores que ainda n\u00e3o entraram no empreendedorismo, por medo ou por qualquer outro motivo, o apicultor d\u00e1 uma dica: \u201cVai com medo mesmo, acredite no seu potencial e invista nele. Vai ser f\u00e1cil? N\u00e3o. Mas s\u00f3 vai que vai dar certo.\u201d<\/p>\n<h2 class=\"wp-block-heading\"><strong>Porteira Aberta Empreender<\/strong><\/h2>\n<p>Quer saber mais sobre empreendedorismo no campo? Assista ao programa <a href=\"https:\/\/www.canalrural.com.br\/empreendedorismo\/transforme-sua-propriedade-em-um-destino-turistico\/\"><strong>Porteira Aberta Empreender<\/strong>,<\/a> uma parceria entre o Sebrae e o Canal Rural, que traz dicas, orienta\u00e7\u00f5es e mostra hist\u00f3rias reais de micro e pequenos produtores de todo o pa\u00eds.<\/p>\n<figure class=\"wp-block-image size-full is-resized\"><img fetchpriority=\"high\" decoding=\"async\" width=\"1013\" height=\"1017\" alt=\"\" class=\"wp-image-4116505\" style=\"width:411px;height:auto\"  data-lazy- src=\"https:\/\/agromt.news\/wp-content\/uploads\/2025\/08\/tradicao-dos-queijos-artesanais-e-turismo-rural-em-Goias.png\"\/><img decoding=\"async\" width=\"1013\" height=\"1017\" src=\"https:\/\/agromt.news\/wp-content\/uploads\/2025\/08\/tradicao-dos-queijos-artesanais-e-turismo-rural-em-Goias.png\" alt=\"\" class=\"wp-image-4116505\" style=\"width:411px;height:auto\"  \/><figcaption class=\"wp-element-caption\">\u00c0s sextas-feiras, \u00e0s 18h, no Canal Rural. | Foto: Arte Divulga\u00e7\u00e3o<\/figcaption><\/figure>\n<\/p><\/div>\n<p><br \/>\n<br \/><a href=\"https:\/\/www.canalrural.com.br\/empreendedorismo\/produtor-paraibano-conquista-certificacao-e-abre-novos-mercados-para-o-mel\/\">Source link <\/a><\/p>\n","protected":false},"excerpt":{"rendered":"<p>Samuel dos Santos Bezerra, apicultor e s\u00f3cio-presidente da Associa\u00e7\u00e3o dos Apicultores e Meliponicultores de S\u00e3o Jos\u00e9 dos Cordeiros, na Para\u00edba<\/p>\n","protected":false},"author":1,"featured_media":21129,"comment_status":"open","ping_status":"open","sticky":false,"template":"","format":"standard","meta":{"_monsterinsights_skip_tracking":false,"_monsterinsights_sitenote_active":false,"_monsterinsights_sitenote_note":"","_monsterinsights_sitenote_category":0,"_uf_show_specific_survey":0,"_uf_disable_surveys":false,"footnotes":""},"categories":[1],"tags":[],"class_list":["post-21128","post","type-post","status-publish","format-standard","has-post-thumbnail","hentry","category-news"],"_links":{"self":[{"href":"https:\/\/agromt.news\/index.php?rest_route=\/wp\/v2\/posts\/21128"}],"collection":[{"href":"https:\/\/agromt.news\/index.php?rest_route=\/wp\/v2\/posts"}],"about":[{"href":"https:\/\/agromt.news\/index.php?rest_route=\/wp\/v2\/types\/post"}],"author":[{"embeddable":true,"href":"https:\/\/agromt.news\/index.php?rest_route=\/wp\/v2\/users\/1"}],"replies":[{"embeddable":true,"href":"https:\/\/agromt.news\/index.php?rest_route=%2Fwp%2Fv2%2Fcomments&post=21128"}],"version-history":[{"count":0,"href":"https:\/\/agromt.news\/index.php?rest_route=\/wp\/v2\/posts\/21128\/revisions"}],"wp:featuredmedia":[{"embeddable":true,"href":"https:\/\/agromt.news\/index.php?rest_route=\/wp\/v2\/media\/21129"}],"wp:attachment":[{"href":"https:\/\/agromt.news\/index.php?rest_route=%2Fwp%2Fv2%2Fmedia&parent=21128"}],"wp:term":[{"taxonomy":"category","embeddable":true,"href":"https:\/\/agromt.news\/index.php?rest_route=%2Fwp%2Fv2%2Fcategories&post=21128"},{"taxonomy":"post_tag","embeddable":true,"href":"https:\/\/agromt.news\/index.php?rest_route=%2Fwp%2Fv2%2Ftags&post=21128"}],"curies":[{"name":"wp","href":"https:\/\/api.w.org\/{rel}","templated":true}]}}