{"id":21116,"date":"2025-09-30T00:09:25","date_gmt":"2025-09-30T04:09:25","guid":{"rendered":"https:\/\/agromt.news\/?p=21116"},"modified":"2025-09-30T00:09:25","modified_gmt":"2025-09-30T04:09:25","slug":"nova-resolucao-do-cmn-traz-alivio-financeiro-para-produtores-rurais-mas-exige-atencao-aos-detalhes","status":"publish","type":"post","link":"https:\/\/agromt.news\/?p=21116","title":{"rendered":"Nova resolu\u00e7\u00e3o do CMN traz al\u00edvio financeiro para produtores rurais, mas exige aten\u00e7\u00e3o aos detalhes"},"content":{"rendered":"<p> <br \/>\n<\/p>\n<div>\n<p style=\"margin-bottom:12pt; margin-left:0cm; margin-right:0cm; margin-top:12pt; text-align:right\"><em>Por Dr Henrique Lima<\/em><\/p>\n<p style=\"margin-bottom:12pt; margin-left:0cm; margin-right:0cm; margin-top:12pt; text-align:justify\"><span style=\"font-size:11pt\"><span style=\"line-height:115%\"><span style=\"font-family:Arial,sans-serif\">O setor agropecu\u00e1rio acaba de ganhar uma nova oportunidade para reorganizar suas finan\u00e7as. A <strong>Resolu\u00e7\u00e3o CMN n\u00ba 5.247<\/strong>, publicada recentemente, regulamenta a <strong>Medida Provis\u00f3ria n\u00ba 1.314\/2025<\/strong> e estabelece condi\u00e7\u00f5es especiais para <strong>renegocia\u00e7\u00e3o, amortiza\u00e7\u00e3o ou quita\u00e7\u00e3o de d\u00edvidas rurais<\/strong>, beneficiando produtores de todos os portes, cooperativas e associa\u00e7\u00f5es.<\/span><\/span><\/span>&#13;\n<\/p>\n<p style=\"margin-bottom:12pt; margin-left:0cm; margin-right:0cm; margin-top:12pt; text-align:justify\"><span style=\"font-size:11pt\"><span style=\"line-height:115%\"><span style=\"font-family:Arial,sans-serif\">Para entender os impactos dessa medida, conversamos com o <strong>Dr. Henrique Lima<\/strong>, s\u00f3cio fundador do <strong>Lima &amp; Pegolo Advogados Associados<\/strong>, escrit\u00f3rio <strong>full service<\/strong> com mais de 20 anos de experi\u00eancia, com sedes em <strong>Campo Grande (MS)<\/strong>, <strong>Curitiba (PR)<\/strong> e <strong>S\u00e3o Paulo (SP)<\/strong>, atendendo clientes em todo o Brasil. O escrit\u00f3rio tem forte atua\u00e7\u00e3o na defesa de produtores rurais e empresas do agroneg\u00f3cio em quest\u00f5es administrativas e judiciais.<\/span><\/span><\/span><\/p>\n<h3 style=\"margin-bottom:4pt; margin-left:0cm; margin-right:0cm; margin-top:16pt; text-align:justify\"><span style=\"font-size:14pt\"><span style=\"page-break-after:auto\"><span style=\"line-height:115%\"><span style=\"font-family:Arial,sans-serif\"><span style=\"color:#434343\"><span style=\"font-weight:normal\"><strong><span style=\"font-size:13.0pt\"><span style=\"line-height:115%\"><span style=\"color:black\">\u201cA resolu\u00e7\u00e3o cria um caminho para reorganizar as finan\u00e7as do produtor\u201d<\/span><\/span><\/span><\/strong><\/span><\/span><\/span><\/span><\/span><\/span><\/h3>\n<p style=\"margin-bottom:12pt; margin-left:0cm; margin-right:0cm; margin-top:12pt; text-align:justify\"><span style=\"font-size:11pt\"><span style=\"line-height:115%\"><span style=\"font-family:Arial,sans-serif\"><strong>Pergunta:<\/strong> Dr. Henrique, em linhas gerais, o que muda com a Resolu\u00e7\u00e3o CMN n\u00ba 5.247 e qual o objetivo principal desta norma?<\/span><\/span><\/span><\/p>\n<p style=\"margin-bottom:12pt; margin-left:0cm; margin-right:0cm; margin-top:12pt; text-align:justify\"><span style=\"font-size:11pt\"><span style=\"line-height:115%\"><span style=\"font-family:Arial,sans-serif\"><strong>Dr. Henrique Lima:<\/strong><br \/>&#13;<br \/>\n\u00a0A resolu\u00e7\u00e3o traz <strong>al\u00edvio financeiro<\/strong> para os produtores que enfrentaram dificuldades nos \u00faltimos anos, principalmente por conta de <strong>eventos clim\u00e1ticos adversos<\/strong>, como secas, enchentes e outras calamidades.<br \/>&#13;<br \/>\n\u00a0Ela permite que sejam <strong>renegociadas, amortizadas ou quitadas d\u00edvidas rurais<\/strong>, incluindo opera\u00e7\u00f5es de custeio, investimento e C\u00e9dulas de Produto Rural (CPRs).<br \/>&#13;<br \/>\n\u00a0\u00c9 uma medida importante porque reconhece formalmente os preju\u00edzos sofridos no campo e oferece condi\u00e7\u00f5es especiais para que produtores, cooperativas e associa\u00e7\u00f5es possam <strong>se reorganizar financeiramente<\/strong> e continuar produzindo.<\/span><\/span><\/span><\/p>\n<h3 style=\"margin-bottom:4pt; margin-left:0cm; margin-right:0cm; margin-top:16pt; text-align:justify\"><span style=\"font-size:14pt\"><span style=\"page-break-after:auto\"><span style=\"line-height:115%\"><span style=\"font-family:Arial,sans-serif\"><span style=\"color:#434343\"><span style=\"font-weight:normal\"><strong><span style=\"font-size:13.0pt\"><span style=\"line-height:115%\"><span style=\"color:black\">Cuidado com as informa\u00e7\u00f5es apresentadas aos bancos<\/span><\/span><\/span><\/strong><\/span><\/span><\/span><\/span><\/span><\/span><\/h3>\n<p style=\"margin-bottom:12pt; margin-left:0cm; margin-right:0cm; margin-top:12pt; text-align:justify\"><span style=\"font-size:11pt\"><span style=\"line-height:115%\"><span style=\"font-family:Arial,sans-serif\"><strong>Pergunta:<\/strong> Essa not\u00edcia traz um grande al\u00edvio, mas tamb\u00e9m exige aten\u00e7\u00e3o. Quais os principais cuidados que o produtor deve ter ao aderir a essa renegocia\u00e7\u00e3o?<\/span><\/span><\/span><\/p>\n<p style=\"margin-bottom:12pt; margin-left:0cm; margin-right:0cm; margin-top:12pt; text-align:justify\"><span style=\"font-size:11pt\"><span style=\"line-height:115%\"><span style=\"font-family:Arial,sans-serif\"><strong>Dr. Henrique Lima:<\/strong><br \/>&#13;<br \/>\n\u00c9 essencial que o produtor tenha muito cuidado com as <strong>informa\u00e7\u00f5es apresentadas \u00e0s institui\u00e7\u00f5es financeiras<\/strong>.<br \/>&#13;<br \/>\nPara renegociar a d\u00edvida, ele precisa fornecer documentos como <strong>laudos t\u00e9cnicos, registros de produ\u00e7\u00e3o e relat\u00f3rios financeiros<\/strong>. Por\u00e9m, se esses dados forem <strong>incompletos ou divergentes<\/strong>, isso pode comprometer o processo.<\/span><\/span><\/span>&#13;\n<\/p>\n<p style=\"margin-bottom:12pt; margin-left:0cm; margin-right:0cm; margin-top:12pt; text-align:justify\"><span style=\"font-size:11pt\"><span style=\"line-height:115%\"><span style=\"font-family:Arial,sans-serif\">Em alguns casos, esses documentos podem ser utilizados <strong>contra o pr\u00f3prio produtor<\/strong> em uma eventual disputa judicial.<br \/>&#13;<br \/>\nPor isso, a orienta\u00e7\u00e3o \u00e9 buscar <strong>assessoria jur\u00eddica especializada<\/strong> antes de formalizar o pedido, garantindo que todas as informa\u00e7\u00f5es estejam corretas e consistentes.<br \/>&#13;<br \/>\nO produtor deve ter em mente que, embora possa existir uma rela\u00e7\u00e3o cordial com o gerente do banco, o papel dele \u00e9 defender os interesses da institui\u00e7\u00e3o financeira. No final, o objetivo do gerente \u00e9 garantir que a d\u00edvida seja paga, ainda que isso possa resultar na perda de patrim\u00f4nio do produtor ou em impactos para sua fam\u00edlia. \u00c9 importante que o produtor se resguarde, entendendo que a prioridade do banco ser\u00e1 sempre a seguran\u00e7a financeira da institui\u00e7\u00e3o.<\/span><\/span><\/span><\/p>\n<h3 style=\"margin-bottom:4pt; margin-left:0cm; margin-right:0cm; margin-top:16pt; text-align:justify\"><span style=\"font-size:14pt\"><span style=\"page-break-after:auto\"><span style=\"line-height:115%\"><span style=\"font-family:Arial,sans-serif\"><span style=\"color:#434343\"><span style=\"font-weight:normal\"><strong><span style=\"font-size:13.0pt\"><span style=\"line-height:115%\"><span style=\"color:black\">Crit\u00e9rios para aderir \u00e0 renegocia\u00e7\u00e3o<\/span><\/span><\/span><\/strong><\/span><\/span><\/span><\/span><\/span><\/span><\/h3>\n<p style=\"margin-bottom:12pt; margin-left:0cm; margin-right:0cm; margin-top:12pt; text-align:justify\"><span style=\"font-size:11pt\"><span style=\"line-height:115%\"><span style=\"font-family:Arial,sans-serif\"><strong>Pergunta:<\/strong> Quais s\u00e3o os requisitos que o produtor deve cumprir para ter acesso aos benef\u00edcios previstos na resolu\u00e7\u00e3o?<\/span><\/span><\/span><\/p>\n<p style=\"margin-bottom:12pt; margin-left:0cm; margin-right:0cm; margin-top:12pt; text-align:justify\"><span style=\"font-size:11pt\"><span style=\"line-height:115%\"><span style=\"font-family:Arial,sans-serif\"><strong>Dr. Henrique Lima:<\/strong><br \/>&#13;<br \/>\n\u00a0A resolu\u00e7\u00e3o estabelece <strong>crit\u00e9rios espec\u00edficos de elegibilidade<\/strong>, como:<\/span><\/span><\/span><\/p>\n<ul>&#13;<\/p>\n<li style=\"margin: 0cm; text-align: justify;\"><span style=\"font-size:11pt\"><span style=\"line-height:115%\"><span style=\"font-family:Arial,sans-serif\">Ter <strong>contratado a opera\u00e7\u00e3o at\u00e9 30\/06\/2024<\/strong>.<\/span><\/span><\/span><br \/>&#13;<br \/>\n\t\u00a0<\/li>\n<p>&#13;<\/p>\n<li style=\"margin: 0cm; text-align: justify;\"><span style=\"font-size:11pt\"><span style=\"line-height:115%\"><span style=\"font-family:Arial,sans-serif\">O munic\u00edpio do produtor deve ter sido reconhecido, em pelo menos <strong>dois anos entre 2020 e 2024<\/strong>, como estando em <strong>situa\u00e7\u00e3o de emerg\u00eancia ou calamidade p\u00fablica<\/strong>, com <strong>reconhecimento federal<\/strong>.<\/span><\/span><\/span><br \/>&#13;<br \/>\n\t\u00a0<\/li>\n<p>&#13;<\/p>\n<li style=\"margin: 0cm; text-align: justify;\"><span style=\"font-size:11pt\"><span style=\"line-height:115%\"><span style=\"font-family:Arial,sans-serif\"><strong>Comprova\u00e7\u00e3o de perdas<\/strong> por eventos clim\u00e1ticos:<\/span><\/span><\/span><br \/>&#13;<br \/>\n\t\u00a0&#13;<\/p>\n<ul>&#13;<\/p>\n<li style=\"margin:0cm\"><span style=\"font-size:11pt\"><span style=\"line-height:115%\"><span style=\"font-family:Arial,sans-serif\">Redu\u00e7\u00e3o m\u00ednima de <strong>20% em duas das tr\u00eas principais atividades agr\u00edcolas<\/strong>, ou<\/span><\/span><\/span><br \/>&#13;<br \/>\n\t\t\u00a0<\/li>\n<p>&#13;<\/p>\n<li style=\"margin:0cm\"><span style=\"font-size:11pt\"><span style=\"line-height:115%\"><span style=\"font-family:Arial,sans-serif\"><strong>Quebra superior a 30% em duas ou mais safras<\/strong> no per\u00edodo de 2020 a 2024.<\/span><\/span><\/span><br \/>&#13;<br \/>\n\t\t\u00a0<\/li>\n<p>&#13;\n\t<\/ul>\n<p>&#13;\n\t<\/li>\n<p>&#13;<\/p>\n<li style=\"margin: 0cm; text-align: justify;\"><span style=\"font-size:11pt\"><span style=\"line-height:115%\"><span style=\"font-family:Arial,sans-serif\">Demonstra\u00e7\u00e3o de <strong>dificuldades financeiras<\/strong>, como fluxo de caixa comprometido ou aumento do endividamento.<\/span><\/span><\/span><br \/>&#13;<br \/>\n\t\u00a0<\/li>\n<p>&#13;\n<\/ul>\n<p style=\"margin-bottom:12pt; margin-left:0cm; margin-right:0cm; margin-top:12pt; text-align:justify\"><span style=\"font-size:11pt\"><span style=\"line-height:115%\"><span style=\"font-family:Arial,sans-serif\">Esses crit\u00e9rios s\u00e3o fundamentais, pois garantem que os benef\u00edcios sejam direcionados a quem realmente sofreu preju\u00edzos relevantes.<\/span><\/span><\/span><\/p>\n<h3 style=\"margin-bottom:4pt; margin-left:0cm; margin-right:0cm; margin-top:16pt; text-align:justify\"><span style=\"font-size:14pt\"><span style=\"page-break-after:auto\"><span style=\"line-height:115%\"><span style=\"font-family:Arial,sans-serif\"><span style=\"color:#434343\"><span style=\"font-weight:normal\"><strong><span style=\"font-size:13.0pt\"><span style=\"line-height:115%\"><span style=\"color:black\">Quem pode se beneficiar e prazos para ades\u00e3o<\/span><\/span><\/span><\/strong><\/span><\/span><\/span><\/span><\/span><\/span><\/h3>\n<p style=\"margin-bottom:12pt; margin-left:0cm; margin-right:0cm; margin-top:12pt; text-align:justify\"><span style=\"font-size:11pt\"><span style=\"line-height:115%\"><span style=\"font-family:Arial,sans-serif\"><strong>Pergunta:<\/strong> Quem est\u00e1 apto a participar e quais s\u00e3o os prazos estabelecidos?<\/span><\/span><\/span><\/p>\n<p style=\"margin-bottom:12pt; margin-left:0cm; margin-right:0cm; margin-top:12pt; text-align:justify\"><span style=\"font-size:11pt\"><span style=\"line-height:115%\"><span style=\"font-family:Arial,sans-serif\"><strong>Dr. Henrique Lima:<\/strong><br \/>&#13;<br \/>\n\u00a0O benef\u00edcio \u00e9 amplo e contempla:<\/span><\/span><\/span><\/p>\n<ul>&#13;<\/p>\n<li style=\"margin: 0cm; text-align: justify;\"><span style=\"font-size:11pt\"><span style=\"line-height:115%\"><span style=\"font-family:Arial,sans-serif\"><strong>Produtores rurais de todos os portes<\/strong>, desde o pequeno agricultor do Pronaf at\u00e9 grandes produtores;<\/span><\/span><\/span><br \/>&#13;<br \/>\n\t\u00a0<\/li>\n<p>&#13;<\/p>\n<li style=\"margin: 0cm; text-align: justify;\"><span style=\"font-size:11pt\"><span style=\"line-height:115%\"><span style=\"font-family:Arial,sans-serif\"><strong>Cooperativas de produ\u00e7\u00e3o<\/strong>;<\/span><\/span><\/span><br \/>&#13;<br \/>\n\t\u00a0<\/li>\n<p>&#13;<\/p>\n<li style=\"margin: 0cm; text-align: justify;\"><span style=\"font-size:11pt\"><span style=\"line-height:115%\"><span style=\"font-family:Arial,sans-serif\"><strong>Associa\u00e7\u00f5es e condom\u00ednios de produtores rurais<\/strong>.<\/span><\/span><\/span><br \/>&#13;<br \/>\n\t\u00a0<\/li>\n<p>&#13;\n<\/ul>\n<p style=\"margin-bottom:12pt; margin-left:0cm; margin-right:0cm; margin-top:12pt; text-align:justify\"><span style=\"font-size:11pt\"><span style=\"line-height:115%\"><span style=\"font-family:Arial,sans-serif\">Quanto aos prazos:<\/span><\/span><\/span><\/p>\n<ul>&#13;<\/p>\n<li style=\"margin: 0cm; text-align: justify;\"><span style=\"font-size:11pt\"><span style=\"line-height:115%\"><span style=\"font-family:Arial,sans-serif\">Para opera\u00e7\u00f5es com <strong>recursos supervisionados<\/strong>, a contrata\u00e7\u00e3o deve ser feita at\u00e9 <strong>10\/02\/2026<\/strong>.<\/span><\/span><\/span><br \/>&#13;<br \/>\n\t\u00a0<\/li>\n<p>&#13;<\/p>\n<li style=\"margin: 0cm; text-align: justify;\"><span style=\"font-size:11pt\"><span style=\"line-height:115%\"><span style=\"font-family:Arial,sans-serif\">Para <strong>recursos livres<\/strong>, o limite vai at\u00e9 <strong>15\/12\/2026<\/strong>.<\/span><\/span><\/span><br \/>&#13;<br \/>\n\t\u00a0<\/li>\n<p>&#13;<\/p>\n<li style=\"margin: 0cm; text-align: justify;\"><span style=\"font-size:11pt\"><span style=\"line-height:115%\"><span style=\"font-family:Arial,sans-serif\">As d\u00edvidas precisam estar <strong>adimplentes at\u00e9 05\/09\/2025<\/strong> para que possam ser renegociadas ou prorrogadas.<\/span><\/span><\/span><br \/>&#13;<br \/>\n\t\u00a0<\/li>\n<p>&#13;<br \/>\n&#13;<br \/>\n&#13;\n<\/ul>\n<h3 style=\"margin-bottom:4pt; margin-left:0cm; margin-right:0cm; margin-top:16pt; text-align:justify\"><span style=\"font-size:14pt\"><span style=\"page-break-after:auto\"><span style=\"line-height:115%\"><span style=\"font-family:Arial,sans-serif\"><span style=\"color:#434343\"><span style=\"font-weight:normal\"><strong><span style=\"font-size:13.0pt\"><span style=\"line-height:115%\"><span style=\"color:black\">Orienta\u00e7\u00e3o final: planejamento e seguran\u00e7a jur\u00eddica<\/span><\/span><\/span><\/strong><\/span><\/span><\/span><\/span><\/span><\/span><\/h3>\n<p style=\"margin-bottom:12pt; margin-left:0cm; margin-right:0cm; margin-top:12pt; text-align:justify\"><span style=\"font-size:11pt\"><span style=\"line-height:115%\"><span style=\"font-family:Arial,sans-serif\"><strong>Pergunta:<\/strong> Qual mensagem o senhor deixa aos produtores que desejam aproveitar essa oportunidade?<\/span><\/span><\/span><\/p>\n<p style=\"margin-bottom:12pt; margin-left:0cm; margin-right:0cm; margin-top:12pt; text-align:justify\"><span style=\"font-size:11pt\"><span style=\"line-height:115%\"><span style=\"font-family:Arial,sans-serif\"><strong>Dr. Henrique Lima:<\/strong><br \/>&#13;<br \/>\n\u00a0O momento \u00e9 de <strong>organiza\u00e7\u00e3o e cautela<\/strong>.<br \/>&#13;<br \/>\n\u00a0Minha recomenda\u00e7\u00e3o \u00e9 que o produtor:<\/span><\/span><\/span><\/p>\n<ul>&#13;<\/p>\n<li style=\"margin: 0cm; text-align: justify;\"><span style=\"font-size:11pt\"><span style=\"line-height:115%\"><span style=\"font-family:Arial,sans-serif\">Re\u00fana toda a documenta\u00e7\u00e3o necess\u00e1ria com anteced\u00eancia;<\/span><\/span><\/span><br \/>&#13;<br \/>\n\t\u00a0<\/li>\n<p>&#13;<\/p>\n<li style=\"margin: 0cm; text-align: justify;\"><span style=\"font-size:11pt\"><span style=\"line-height:115%\"><span style=\"font-family:Arial,sans-serif\">Verifique se os dados est\u00e3o corretos e coerentes;<\/span><\/span><\/span><br \/>&#13;<br \/>\n\t\u00a0<\/li>\n<p>&#13;<\/p>\n<li style=\"margin: 0cm; text-align: justify;\"><span style=\"font-size:11pt\"><span style=\"line-height:115%\"><span style=\"font-family:Arial,sans-serif\">Procure orienta\u00e7\u00e3o jur\u00eddica antes de assinar qualquer acordo.<\/span><\/span><\/span><br \/>&#13;<br \/>\n\t\u00a0<\/li>\n<p>&#13;\n<\/ul>\n<p style=\"margin-bottom:12pt; margin-left:0cm; margin-right:0cm; margin-top:12pt; text-align:justify\"><span style=\"font-size:11pt\"><span style=\"line-height:115%\"><span style=\"font-family:Arial,sans-serif\">Essa resolu\u00e7\u00e3o pode ser decisiva para recuperar a sa\u00fade financeira do neg\u00f3cio, mas, se mal conduzida, pode gerar <strong>problemas futuros<\/strong>, inclusive na esfera judicial.<br \/>&#13;<br \/>\n\u00a0Com <strong>planejamento e acompanhamento especializado<\/strong>, \u00e9 poss\u00edvel aproveitar os benef\u00edcios da norma com seguran\u00e7a.<\/span><\/span><\/span><\/p>\n<\/p><\/div>\n<p><script data-cfasync=\"false\">\n    !function (f, b, e, v, n, t, s) {\n        if (f.fbq) return; n = f.fbq = function () {\n            n.callMethod ?\n                n.callMethod.apply(n, arguments) : n.queue.push(arguments)\n        };\n        if (!f._fbq) f._fbq = n; n.push = n; n.loaded = !0; n.version = '2.0';\n        n.queue = []; t = b.createElement(e); t.async = !0;\n        t.src = v; s = b.getElementsByTagName(e)[0];\n        s.parentNode.insertBefore(t, s)\n    }(window, document, 'script',\n        'https:\/\/connect.facebook.net\/en_US\/fbevents.js');\n    fbq('init', '522546078623747');\n    fbq('track', 'PageView');\n<\/script><br \/>\n<br \/><br \/>\n<br \/><a href=\"https:\/\/www.agrolink.com.br\/noticias\/nova-resolucao-do-cmn-traz-alivio-financeiro-para-produtores-rurais--mas-exige-atencao-aos-detalhes_506441.html\">Source link <\/a><\/p>\n","protected":false},"excerpt":{"rendered":"<p>Por Dr Henrique Lima O setor agropecu\u00e1rio acaba de ganhar uma nova oportunidade para reorganizar suas finan\u00e7as. A Resolu\u00e7\u00e3o CMN<\/p>\n","protected":false},"author":1,"featured_media":1937,"comment_status":"open","ping_status":"open","sticky":false,"template":"","format":"standard","meta":{"_monsterinsights_skip_tracking":false,"_monsterinsights_sitenote_active":false,"_monsterinsights_sitenote_note":"","_monsterinsights_sitenote_category":0,"_uf_show_specific_survey":0,"_uf_disable_surveys":false,"footnotes":""},"categories":[8,1,14],"tags":[],"class_list":["post-21116","post","type-post","status-publish","format-standard","has-post-thumbnail","hentry","category-agro","category-news","category-politica-agro"],"_links":{"self":[{"href":"https:\/\/agromt.news\/index.php?rest_route=\/wp\/v2\/posts\/21116"}],"collection":[{"href":"https:\/\/agromt.news\/index.php?rest_route=\/wp\/v2\/posts"}],"about":[{"href":"https:\/\/agromt.news\/index.php?rest_route=\/wp\/v2\/types\/post"}],"author":[{"embeddable":true,"href":"https:\/\/agromt.news\/index.php?rest_route=\/wp\/v2\/users\/1"}],"replies":[{"embeddable":true,"href":"https:\/\/agromt.news\/index.php?rest_route=%2Fwp%2Fv2%2Fcomments&post=21116"}],"version-history":[{"count":0,"href":"https:\/\/agromt.news\/index.php?rest_route=\/wp\/v2\/posts\/21116\/revisions"}],"wp:featuredmedia":[{"embeddable":true,"href":"https:\/\/agromt.news\/index.php?rest_route=\/wp\/v2\/media\/1937"}],"wp:attachment":[{"href":"https:\/\/agromt.news\/index.php?rest_route=%2Fwp%2Fv2%2Fmedia&parent=21116"}],"wp:term":[{"taxonomy":"category","embeddable":true,"href":"https:\/\/agromt.news\/index.php?rest_route=%2Fwp%2Fv2%2Fcategories&post=21116"},{"taxonomy":"post_tag","embeddable":true,"href":"https:\/\/agromt.news\/index.php?rest_route=%2Fwp%2Fv2%2Ftags&post=21116"}],"curies":[{"name":"wp","href":"https:\/\/api.w.org\/{rel}","templated":true}]}}