{"id":21112,"date":"2025-09-29T21:27:08","date_gmt":"2025-09-30T01:27:08","guid":{"rendered":"https:\/\/agromt.news\/?p=21112"},"modified":"2025-09-29T21:27:08","modified_gmt":"2025-09-30T01:27:08","slug":"pedidos-de-recuperacao-judicial-no-agro-disparam-32-no-segundo-trimestre","status":"publish","type":"post","link":"https:\/\/agromt.news\/?p=21112","title":{"rendered":"Pedidos de recupera\u00e7\u00e3o judicial no agro disparam 32% no segundo trimestre"},"content":{"rendered":"<p> <br \/>\n<br \/><img decoding=\"async\" src=\"https:\/\/agromt.news\/wp-content\/uploads\/2025\/07\/Pedidos-de-recuperacao-judicial-no-agro-sobem-215-no-1o.png\" \/><\/p>\n<div>\n<p>Os pedidos de recupera\u00e7\u00e3o judicial (RJ) no agroneg\u00f3cio tiveram um salto de 31,7% no segundo trimestre deste ano em compara\u00e7\u00e3o a igual per\u00edodo do ano passado, somando 565 solicita\u00e7\u00f5es, conforme dados divulgados nesta segunda-feira (29) pela Serasa Experian. <\/p>\n<p>De acordo com o levantamento, a taxa de aumento \u00e9 recorde e foi impulsionada por pleitos de produtores rurais que atuam como PJ (pessoa jur\u00eddica), com 243 pedidos, o dobro do requisitado entre abril, maio e junho do ano passado.<\/p>\n<p><iframe title=\"Recupera\u00e7\u00e3o judicial no agro: qual a sa\u00edda para o produtor rural?\" width=\"800\" height=\"450\" src=\"https:\/\/www.youtube.com\/embed\/pvaON52FmA4?feature=oembed\" frameborder=\"0\" allow=\"accelerometer; autoplay; clipboard-write; encrypted-media; gyroscope; picture-in-picture; web-share\" referrerpolicy=\"strict-origin-when-cross-origin\" allowfullscreen><\/iframe><noscript><iframe title=\"Recupera\u00e7\u00e3o judicial no agro: qual a sa\u00edda para o produtor rural?\" width=\"800\" height=\"450\" src=\"https:\/\/www.youtube.com\/embed\/pvaON52FmA4?feature=oembed\" frameborder=\"0\" allow=\"accelerometer; autoplay; clipboard-write; encrypted-media; gyroscope; picture-in-picture; web-share\" referrerpolicy=\"strict-origin-when-cross-origin\" allowfullscreen><\/iframe><\/noscript><\/p>\n<p>Tamb\u00e9m foi observado aumento dos pedidos entre as empresas da cadeia de fornecimento, como revendedores de insumos. Neste rol, foram 102 solicita\u00e7\u00f5es, 8,5% mais do que em igual per\u00edodo de 2024.<\/p>\n<p>No relat\u00f3rio, a Serasa n\u00e3o especifica os motivos do aumento dos pedidos de recupera\u00e7\u00e3o judicial. Contudo, para o advogado especializado no tema, Euclides Ribeiro Silva, a alta se deve \u00e0 atual taxa Selic em 15% ao ano.<\/p>\n<p>\u201cO que n\u00f3s temos hoje \u00e9 uma inviabilidade da produ\u00e7\u00e3o no campo, pagando juros de 15% ao ano, n\u00e3o h\u00e1 agroneg\u00f3cio que funcione no Brasil, na Europa, nos Estados Unidos ou na China\u201d, considera.<\/p>\n<p>De acordo com ele, em sua experi\u00eancia, existem no mercado atualmente RJs que variam entre R$ 5 bilh\u00f5es e R$ 2 milh\u00f5es, ou seja, englobam do grande ao pequeno produtor. <\/p>\n<p>Em entrevista no \u00faltimo s\u00e1bado (27), o ministro da Fazenda, <strong><a href=\"https:\/\/www.canalrural.com.br\/tag\/haddad\/\">Fernando Haddad<\/a><\/strong>, disse que a pasta acredita que pode estar havendo \u201cabuso\u201d do mecanismo de prote\u00e7\u00e3o contra credores por parte de alguns setores, como o agro.<\/p>\n<p>\u201cO abuso \u00e9 encarar uma taxa de juros alta dessas de juros [da taxa Selic] quando n\u00e3o temos uma produ\u00e7\u00e3o que gere esse tipo de riqueza. Ent\u00e3o, n\u00e3o h\u00e1, na minha vis\u00e3o, um dado que seja confi\u00e1vel [a respeito] do que essas pessoas est\u00e3o dizendo que as empresas que entram em recupera\u00e7\u00e3o judicial v\u00e3o quebrar porque elas [as pessoas] est\u00e3o envieszados para dizer que n\u00e3o se fa\u00e7a recupera\u00e7\u00e3o judicial porque, para eles, talvez n\u00e3o seja interessante ter que encarar a realidade de que o problema n\u00e3o \u00e9 o produtor rural ou o advogado ou a recupera\u00e7\u00e3o, mas sim os juros que essas pessoas est\u00e3o praticando\u201d, diz Silva.<\/p>\n<\/p><\/div>\n<p><br \/>\n<br \/><a href=\"https:\/\/www.canalrural.com.br\/economia\/pedidos-de-recuperacao-judicial-no-agro-disparam-32-no-segundo-trimestre\/\">Source link <\/a><\/p>\n","protected":false},"excerpt":{"rendered":"<p>Os pedidos de recupera\u00e7\u00e3o judicial (RJ) no agroneg\u00f3cio tiveram um salto de 31,7% no segundo trimestre deste ano em compara\u00e7\u00e3o<\/p>\n","protected":false},"author":1,"featured_media":16800,"comment_status":"open","ping_status":"open","sticky":false,"template":"","format":"standard","meta":{"_monsterinsights_skip_tracking":false,"_monsterinsights_sitenote_active":false,"_monsterinsights_sitenote_note":"","_monsterinsights_sitenote_category":0,"_uf_show_specific_survey":0,"_uf_disable_surveys":false,"footnotes":""},"categories":[1],"tags":[],"class_list":["post-21112","post","type-post","status-publish","format-standard","has-post-thumbnail","hentry","category-news"],"_links":{"self":[{"href":"https:\/\/agromt.news\/index.php?rest_route=\/wp\/v2\/posts\/21112"}],"collection":[{"href":"https:\/\/agromt.news\/index.php?rest_route=\/wp\/v2\/posts"}],"about":[{"href":"https:\/\/agromt.news\/index.php?rest_route=\/wp\/v2\/types\/post"}],"author":[{"embeddable":true,"href":"https:\/\/agromt.news\/index.php?rest_route=\/wp\/v2\/users\/1"}],"replies":[{"embeddable":true,"href":"https:\/\/agromt.news\/index.php?rest_route=%2Fwp%2Fv2%2Fcomments&post=21112"}],"version-history":[{"count":0,"href":"https:\/\/agromt.news\/index.php?rest_route=\/wp\/v2\/posts\/21112\/revisions"}],"wp:featuredmedia":[{"embeddable":true,"href":"https:\/\/agromt.news\/index.php?rest_route=\/wp\/v2\/media\/16800"}],"wp:attachment":[{"href":"https:\/\/agromt.news\/index.php?rest_route=%2Fwp%2Fv2%2Fmedia&parent=21112"}],"wp:term":[{"taxonomy":"category","embeddable":true,"href":"https:\/\/agromt.news\/index.php?rest_route=%2Fwp%2Fv2%2Fcategories&post=21112"},{"taxonomy":"post_tag","embeddable":true,"href":"https:\/\/agromt.news\/index.php?rest_route=%2Fwp%2Fv2%2Ftags&post=21112"}],"curies":[{"name":"wp","href":"https:\/\/api.w.org\/{rel}","templated":true}]}}