{"id":21107,"date":"2025-09-29T20:11:45","date_gmt":"2025-09-30T00:11:45","guid":{"rendered":"https:\/\/agromt.news\/?p=21107"},"modified":"2025-09-29T20:11:45","modified_gmt":"2025-09-30T00:11:45","slug":"justica-suspende-liminar-que-proibia-herbicida-24-d-no-rs","status":"publish","type":"post","link":"https:\/\/agromt.news\/?p=21107","title":{"rendered":"Justi\u00e7a suspende liminar que proibia herbicida 2,4-D no RS"},"content":{"rendered":"<p> <br \/>\n<\/p>\n<div>\n<div class=\"row\">\n<div class=\"col-lg col-infos mt-0 mt-lg-0\">\n<div class=\"section-sub-title\">\n<p itemprop=\"description\">&#13;<br \/>\n                                Entenda a decis\u00e3o do TJRS que suspendeu a proibi\u00e7\u00e3o&#13;\n                            <\/p>\n<\/p><\/div>\n<div class=\"container\">\n<div class=\"row\">\n<div class=\"col-lg p-0\">\n<div>\n<div class=\"block-news-main-infos mt-3 text-start\">\n<p>                                            <strong class=\"fn\" itemprop=\"author\" style=\"color: rgb(112, 112, 112); \">&#13;<br \/>\n                                                <a href=\"https:\/\/www.agrolink.com.br\/noticias\/javascript:;\" class=\"text-uppercase\" target=\"_blank\" style=\"color: rgb(112, 112, 112); \" rel=\"noopener\">Agrolink<\/a>&#13;<br \/>\n&#13;<br \/>\n                                                    &#8211; Aline Merladete&#13;<br \/>\n&#13;<br \/>\n                                            <\/strong><br \/>\n                                        <\/p>\n<p>                                            <abbr><time datetime=\"2025 - 09 - 29T15:49\" itemprop=\"datePublished dateModified\"> Publicado em 29\/09\/2025 \u00e0s 15:49h.<\/time><\/abbr>\n                                    <\/div>\n<\/p><\/div>\n<\/p><\/div>\n<div class=\"col-lg p-0 text-lg-end\">\n<div>\n<div id=\"mdEnviarPagina\" class=\"modal fade\" role=\"dialog\">\n<div class=\"modal-dialog\">\n<div class=\"modal-content\">\n<div class=\"modal-body\">\n<p><strong>Estimado usu\u00e1rio.<\/strong><br \/>Preencha o formul\u00e1rio abaixo para remeter a p\u00e1gina.<\/p>\n<\/p><\/div>\n<\/p><\/div>\n<\/p><\/div>\n<\/div><\/div>\n<\/p><\/div>\n<\/p><\/div>\n<\/p><\/div>\n<\/p><\/div>\n<\/p><\/div>\n<div class=\"row justify-content-md-center mt-3\">\n<div class=\"col-lg-auto col-image block-news-main-image\">\n<p>                                <img decoding=\"async\" src=\"https:\/\/www.agrolink.com.br\/upload\/imagens-resizes\/b69dcf8f27234c58b6eaeca6beda9a2a_858x483.jpg\" class=\"lazyload img-fluid\"\/><br \/>\n                                                <span class=\"publicity-photo d-block mt-1\">Foto: Canva<\/span><\/p><\/div>\n<\/p><\/div>\n<div class=\"section-description section-description-noticias mt-3\">\n<p style=\"text-align:justify\">O Tribunal de Justi\u00e7a do Rio Grande do Sul suspendeu, nesta quinta-feira (25\/9), a decis\u00e3o que proibia o uso do herbicida 2,4-D na Campanha Ga\u00facha e em \u00e1reas pr\u00f3ximas a cultivos sens\u00edveis. A medida tem efeitos imediatos e alivia a press\u00e3o sobre produtores rurais \u00e0s v\u00e9speras do plantio da safra 2025\/2026.&#13;\n<\/p>\n<p style=\"text-align:justify\">Segundo informa\u00e7\u00f5es divulgadas pelo Tribunal de Justi\u00e7a, o Desembargador Francesco Conti, da 4\u00aa C\u00e2mara C\u00edvel do TJRS, concedeu efeito suspensivo ao recurso apresentado pelo Governo do Estado. A decis\u00e3o reverte, de forma tempor\u00e1ria, a senten\u00e7a da Vara Regional do Meio Ambiente que atendia a um pedido da Associa\u00e7\u00e3o Ga\u00facha de Produtores de Ma\u00e7\u00e3 e da Associa\u00e7\u00e3o dos Produtores de Vinhos Finos da Campanha Ga\u00facha.<\/p>\n<p style=\"text-align:justify\"><a href=\"https:\/\/www.agrolink.com.br\/agrolinkfito\/?utm_source=agrolink-detalhe-noticia&amp;utm_medium=detalhe-noticia&amp;utm_campaign=links-internos\" target=\"_blank\" rel=\"noopener\">Clique aqui e acesse AGROLINKFITO<\/a><\/p>\n<p style=\"text-align:justify\">Essas entidades alegaram preju\u00edzos ambientais e econ\u00f4micos decorrentes da deriva \u2014 o deslocamento do produto pelo vento \u2014 do herbicida 2,4-D, amplamente utilizado no controle de plantas daninhas. A senten\u00e7a anterior determinava a proibi\u00e7\u00e3o do produto em toda a Campanha Ga\u00facha e restringia seu uso a no m\u00ednimo 50 metros de dist\u00e2ncia de vinhedos e pomares de ma\u00e7\u00e3 no restante do estado.\u00a0No recurso, o Estado argumentou que a proibi\u00e7\u00e3o geraria impactos significativos, especialmente por ter sido emitida pr\u00f3ximo ao in\u00edcio da nova safra, quando os produtores j\u00e1 haviam adquirido insumos e equipamentos.&#13;\n<\/p>\n<p style=\"text-align:justify\">Ao deferir o pedido, o Desembargador considerou que a suspens\u00e3o imediata do uso de um insumo essencial ao manejo agr\u00edcola, sem transi\u00e7\u00e3o adequada, poderia gerar \u201cabalo significativo e de consequ\u00eancias imprevis\u00edveis\u201d para a economia do setor. Ele tamb\u00e9m destacou a aus\u00eancia de defini\u00e7\u00e3o clara sobre os munic\u00edpios inclu\u00eddos na regi\u00e3o da Campanha Ga\u00facha, o que ampliava a inseguran\u00e7a jur\u00eddica.<\/p>\n<p style=\"text-align:justify\">A decis\u00e3o n\u00e3o encerra o processo, que seguir\u00e1 para an\u00e1lise do colegiado da 4\u00aa C\u00e2mara C\u00edvel. At\u00e9 l\u00e1, o uso do 2,4-D est\u00e1 autorizado no estado. O caso reacende o debate sobre a necessidade de pol\u00edticas p\u00fablicas eficazes de fiscaliza\u00e7\u00e3o e monitoramento do uso de defensivos, equilibrando seguran\u00e7a ambiental e previsibilidade para o setor produtivo.&#13;\n<\/p>\n<\/p><\/div>\n<\/p><\/div>\n<p><script data-cfasync=\"false\">\n    !function (f, b, e, v, n, t, s) {\n        if (f.fbq) return; n = f.fbq = function () {\n            n.callMethod ?\n                n.callMethod.apply(n, arguments) : n.queue.push(arguments)\n        };\n        if (!f._fbq) f._fbq = n; n.push = n; n.loaded = !0; n.version = '2.0';\n        n.queue = []; t = b.createElement(e); t.async = !0;\n        t.src = v; s = b.getElementsByTagName(e)[0];\n        s.parentNode.insertBefore(t, s)\n    }(window, document, 'script',\n        'https:\/\/connect.facebook.net\/en_US\/fbevents.js');\n    fbq('init', '522546078623747');\n    fbq('track', 'PageView');\n<\/script><br \/>\n<br \/><br \/>\n<br \/><a href=\"https:\/\/www.agrolink.com.br\/noticias\/justica-suspende-liminar-que-proibia-herbicida-2-4-d-no-rs_506443.html\">Source link <\/a><\/p>\n","protected":false},"excerpt":{"rendered":"<p>&#13; Entenda a decis\u00e3o do TJRS que suspendeu a proibi\u00e7\u00e3o&#13; &#13; Agrolink&#13; &#13; &#8211; Aline Merladete&#13; &#13; Publicado em 29\/09\/2025<\/p>\n","protected":false},"author":1,"featured_media":15187,"comment_status":"open","ping_status":"open","sticky":false,"template":"","format":"standard","meta":{"_monsterinsights_skip_tracking":false,"_monsterinsights_sitenote_active":false,"_monsterinsights_sitenote_note":"","_monsterinsights_sitenote_category":0,"_uf_show_specific_survey":0,"_uf_disable_surveys":false,"footnotes":""},"categories":[8,1,14],"tags":[],"class_list":["post-21107","post","type-post","status-publish","format-standard","has-post-thumbnail","hentry","category-agro","category-news","category-politica-agro"],"_links":{"self":[{"href":"https:\/\/agromt.news\/index.php?rest_route=\/wp\/v2\/posts\/21107"}],"collection":[{"href":"https:\/\/agromt.news\/index.php?rest_route=\/wp\/v2\/posts"}],"about":[{"href":"https:\/\/agromt.news\/index.php?rest_route=\/wp\/v2\/types\/post"}],"author":[{"embeddable":true,"href":"https:\/\/agromt.news\/index.php?rest_route=\/wp\/v2\/users\/1"}],"replies":[{"embeddable":true,"href":"https:\/\/agromt.news\/index.php?rest_route=%2Fwp%2Fv2%2Fcomments&post=21107"}],"version-history":[{"count":0,"href":"https:\/\/agromt.news\/index.php?rest_route=\/wp\/v2\/posts\/21107\/revisions"}],"wp:featuredmedia":[{"embeddable":true,"href":"https:\/\/agromt.news\/index.php?rest_route=\/wp\/v2\/media\/15187"}],"wp:attachment":[{"href":"https:\/\/agromt.news\/index.php?rest_route=%2Fwp%2Fv2%2Fmedia&parent=21107"}],"wp:term":[{"taxonomy":"category","embeddable":true,"href":"https:\/\/agromt.news\/index.php?rest_route=%2Fwp%2Fv2%2Fcategories&post=21107"},{"taxonomy":"post_tag","embeddable":true,"href":"https:\/\/agromt.news\/index.php?rest_route=%2Fwp%2Fv2%2Ftags&post=21107"}],"curies":[{"name":"wp","href":"https:\/\/api.w.org\/{rel}","templated":true}]}}